{"id":135,"date":"2021-06-07T09:00:00","date_gmt":"2021-06-07T09:00:00","guid":{"rendered":"https:\/\/www.liceo-melzocassano.edu.it\/magazine\/?p=135"},"modified":"2021-09-30T19:10:23","modified_gmt":"2021-09-30T19:10:23","slug":"velo-cita","status":"publish","type":"post","link":"https:\/\/www.liceo-melzocassano.edu.it\/magazine\/index.php\/2021\/06\/07\/velo-cita\/","title":{"rendered":"V\u00c8LO-CIT\u00c0"},"content":{"rendered":"\n<h2 class=\"has-vivid-cyan-blue-color has-text-color has-medium-font-size wp-block-heading\">verso il cambiamento<\/h2>\n\n\n\n<p class=\"has-vivid-cyan-blue-color has-text-color has-large-font-size\"><strong>L\u2019idea di un mondo in cui prevale la bicicletta non \u00e8 pura fantasia<\/strong><\/p>\n\n\n\n<div class=\"wp-block-media-text alignwide has-media-on-the-right is-stacked-on-mobile\"><figure class=\"wp-block-media-text__media\"><img loading=\"lazy\" decoding=\"async\" width=\"1024\" height=\"736\" src=\"https:\/\/www.liceo-melzocassano.edu.it\/magazine\/wp-content\/uploads\/2021\/06\/immagine_2021-06-07_000023-1024x736.png\" alt=\"\" class=\"wp-image-138 size-full\" srcset=\"https:\/\/www.liceo-melzocassano.edu.it\/magazine\/wp-content\/uploads\/2021\/06\/immagine_2021-06-07_000023-1024x736.png 1024w, https:\/\/www.liceo-melzocassano.edu.it\/magazine\/wp-content\/uploads\/2021\/06\/immagine_2021-06-07_000023-300x216.png 300w, https:\/\/www.liceo-melzocassano.edu.it\/magazine\/wp-content\/uploads\/2021\/06\/immagine_2021-06-07_000023-768x552.png 768w, https:\/\/www.liceo-melzocassano.edu.it\/magazine\/wp-content\/uploads\/2021\/06\/immagine_2021-06-07_000023-1536x1104.png 1536w, https:\/\/www.liceo-melzocassano.edu.it\/magazine\/wp-content\/uploads\/2021\/06\/immagine_2021-06-07_000023-2048x1472.png 2048w\" sizes=\"auto, (max-width: 1024px) 100vw, 1024px\" \/><\/figure><div class=\"wp-block-media-text__content\">\n<p>Nel 2020 le metropoli del vecchio continente hanno installato pi\u00f9 di 1.000 km di piste ciclabili temporanee.<br>Una scelta motivata dalla lotta alla pandemia, che ha fatto esplodere il numero dei ciclisti nelle citt\u00e0 interessate. <\/p>\n\n\n\n<p>Ad esempio \u201cJaune\u201d \u00e8 una pista ciclabile temporanea o \u201ccoronapista\u201d installata a Parigi durante il primo contenimento<br>della primavera 2020. Questo fenomeno ha cominciato a espandersi anche in altre citt\u00e0 europee: un anno dopo, a Milano, Dublino, Cracovia, Bruxelles e persino Roma si registra un forte aumento del numero del numero di ciclisti.<\/p>\n<\/div><\/div>\n\n\n\n<div class=\"wp-block-media-text alignwide is-stacked-on-mobile\"><figure class=\"wp-block-media-text__media\"><img loading=\"lazy\" decoding=\"async\" width=\"1024\" height=\"768\" src=\"https:\/\/www.liceo-melzocassano.edu.it\/magazine\/wp-content\/uploads\/2021\/06\/immagine_2021-06-07_000227-1024x768.png\" alt=\"\" class=\"wp-image-140 size-full\" srcset=\"https:\/\/www.liceo-melzocassano.edu.it\/magazine\/wp-content\/uploads\/2021\/06\/immagine_2021-06-07_000227-1024x768.png 1024w, https:\/\/www.liceo-melzocassano.edu.it\/magazine\/wp-content\/uploads\/2021\/06\/immagine_2021-06-07_000227-300x225.png 300w, https:\/\/www.liceo-melzocassano.edu.it\/magazine\/wp-content\/uploads\/2021\/06\/immagine_2021-06-07_000227-768x576.png 768w, https:\/\/www.liceo-melzocassano.edu.it\/magazine\/wp-content\/uploads\/2021\/06\/immagine_2021-06-07_000227.png 1280w\" sizes=\"auto, (max-width: 1024px) 100vw, 1024px\" \/><\/figure><div class=\"wp-block-media-text__content\">\n<p>A marzo 2020 ovunque il traffico stradale si \u00e8<br>interrotto bruscamente. La colpa \u00e8 del Covid-19 e<br>dei rigidi confini decisi dai governi nazionali. Cos\u00ec<br>Bogot\u00e0 , la capitale della Colombia, decide di<br>attivare per tutta la settimana queste piste ciclabili<br>temporanee, fino ad allora allestite solo nei fine<br>settimana. L\u2019obiettivo \u00e8 semplice: promuovere una<br>modalit\u00e0 di viaggio non inquinante con la quale non<br>ci sia rischio di contaminazione.<\/p>\n<\/div><\/div>\n\n\n\n<p class=\"has-vivid-cyan-blue-color has-text-color\">Sulla base dei dati della Federazione europea dei ciclisti (ECF), le metropoli del vecchio continente stanno realizzando nel 2020 poco pi\u00f9 di 1.200 km di piste ciclabili temporanee, il tutto con un costo superiore al miliardo di euro.<\/p>\n\n\n\n<p>Tuttavia, non tutte le principali citt\u00e0 europee hanno colto l\u2019opportunit\u00e0 di andare in bicicletta.<br>\u201cA Varsavia, in Polonia, il comune non ha fatto nulla, l\u2019uso dei mezzi pubblici \u00e8 sceso del 30% mentre quello dell\u2019auto \u00e8 rimasto invariato\u201d. Nonostante le critiche, i risultati risultano comunque quasi immediati.<\/p>\n\n\n\n<p class=\"has-text-align-right\">The INTERNATIONALS<\/p>\n\n\n\n<p>FONTE: <a href=\"https:\/\/www.francetvinfo.fr\/monde\/europe\/nousleseuropeens-comment-la-veloa-change-de-braquet-grace-au-covid-19-dans-les-grandes-villeseuropeennes_4380739.html\" data-type=\"URL\" data-id=\"https:\/\/www.francetvinfo.fr\/monde\/europe\/nousleseuropeens-comment-la-veloa-change-de-braquet-grace-au-covid-19-dans-les-grandes-villeseuropeennes_4380739.html\">FranceInfo<\/a><\/p>\n\n\n\n<p><\/p>\n","protected":false},"excerpt":{"rendered":"<p>verso il cambiamento L\u2019idea di un mondo in cui prevale la bicicletta non \u00e8 pura fantasia Nel 2020 le metropoli<\/p>\n","protected":false},"author":10,"featured_media":0,"comment_status":"open","ping_status":"open","sticky":false,"template":"","format":"standard","meta":{"colormag_page_container_layout":"default_layout","colormag_page_sidebar_layout":"default_layout","footnotes":""},"categories":[11],"tags":[],"class_list":["post-135","post","type-post","status-publish","format-standard","hentry","category-gb-international"],"_links":{"self":[{"href":"https:\/\/www.liceo-melzocassano.edu.it\/magazine\/index.php\/wp-json\/wp\/v2\/posts\/135","targetHints":{"allow":["GET"]}}],"collection":[{"href":"https:\/\/www.liceo-melzocassano.edu.it\/magazine\/index.php\/wp-json\/wp\/v2\/posts"}],"about":[{"href":"https:\/\/www.liceo-melzocassano.edu.it\/magazine\/index.php\/wp-json\/wp\/v2\/types\/post"}],"author":[{"embeddable":true,"href":"https:\/\/www.liceo-melzocassano.edu.it\/magazine\/index.php\/wp-json\/wp\/v2\/users\/10"}],"replies":[{"embeddable":true,"href":"https:\/\/www.liceo-melzocassano.edu.it\/magazine\/index.php\/wp-json\/wp\/v2\/comments?post=135"}],"version-history":[{"count":3,"href":"https:\/\/www.liceo-melzocassano.edu.it\/magazine\/index.php\/wp-json\/wp\/v2\/posts\/135\/revisions"}],"predecessor-version":[{"id":245,"href":"https:\/\/www.liceo-melzocassano.edu.it\/magazine\/index.php\/wp-json\/wp\/v2\/posts\/135\/revisions\/245"}],"wp:attachment":[{"href":"https:\/\/www.liceo-melzocassano.edu.it\/magazine\/index.php\/wp-json\/wp\/v2\/media?parent=135"}],"wp:term":[{"taxonomy":"category","embeddable":true,"href":"https:\/\/www.liceo-melzocassano.edu.it\/magazine\/index.php\/wp-json\/wp\/v2\/categories?post=135"},{"taxonomy":"post_tag","embeddable":true,"href":"https:\/\/www.liceo-melzocassano.edu.it\/magazine\/index.php\/wp-json\/wp\/v2\/tags?post=135"}],"curies":[{"name":"wp","href":"https:\/\/api.w.org\/{rel}","templated":true}]}}