{"id":147,"date":"2021-06-07T09:00:00","date_gmt":"2021-06-07T09:00:00","guid":{"rendered":"https:\/\/www.liceo-melzocassano.edu.it\/magazine\/?p=147"},"modified":"2021-09-30T19:26:20","modified_gmt":"2021-09-30T19:26:20","slug":"ambassador-school","status":"publish","type":"post","link":"https:\/\/www.liceo-melzocassano.edu.it\/magazine\/index.php\/2021\/06\/07\/ambassador-school\/","title":{"rendered":"AMBASSADOR SCHOOL"},"content":{"rendered":"\n<div class=\"wp-block-media-text alignwide is-stacked-on-mobile\"><figure class=\"wp-block-media-text__media\"><img loading=\"lazy\" decoding=\"async\" width=\"800\" height=\"768\" src=\"https:\/\/www.liceo-melzocassano.edu.it\/magazine\/wp-content\/uploads\/2021\/06\/immagine_2021-06-07_001229.png\" alt=\"\" class=\"wp-image-148 size-full\" srcset=\"https:\/\/www.liceo-melzocassano.edu.it\/magazine\/wp-content\/uploads\/2021\/06\/immagine_2021-06-07_001229.png 800w, https:\/\/www.liceo-melzocassano.edu.it\/magazine\/wp-content\/uploads\/2021\/06\/immagine_2021-06-07_001229-300x288.png 300w, https:\/\/www.liceo-melzocassano.edu.it\/magazine\/wp-content\/uploads\/2021\/06\/immagine_2021-06-07_001229-768x737.png 768w\" sizes=\"auto, (max-width: 800px) 100vw, 800px\" \/><\/figure><div class=\"wp-block-media-text__content\">\n<p class=\"has-text-align-left\">Ambassador School \u00e8 un progetto promosso dall\u2019Ufficio<br>del Parlamento Europeo in Italia (PE) e si svolge alle<br>scuole secondarie di secondo grado con l\u2019obiettivo di<br>rendere gli studenti pi\u00f9 consapevoli del processo di<br>democrazia parlamentare europeo, del lavoro di democrazia parlamentare europeo, nonch\u00e9 di far conoscere loro i diritti dei<br>cittadini europei.<br>Il progetto ha lo scopo di diffondere la conoscenza<br>dell\u2019Unione europea a tutta la scuola, ma anche alle<br>famiglie, al territorio e alle autorit\u00e0 locali.<br>Nel territorio lombardo ci sono 4 scuole che aderiscono<br>al progetto di cui solo una a Milano.<br>Il progetto nasce nella nostra scuola nel 2019 grazie<br>all\u2019iniziativa del professore Antelli, che ne \u00e8 il referente o<br>ambassador senior, e il professore Baggi, suo<br>collaboratore.<\/p>\n<\/div><\/div>\n\n\n\n<div class=\"wp-block-media-text alignwide has-media-on-the-right is-stacked-on-mobile\" style=\"grid-template-columns:auto 23%\"><figure class=\"wp-block-media-text__media\"><img loading=\"lazy\" decoding=\"async\" width=\"819\" height=\"1024\" src=\"https:\/\/www.liceo-melzocassano.edu.it\/magazine\/wp-content\/uploads\/2021\/06\/87813764_214647119727387_2395379855834868221_n1-819x1024.jpg\" alt=\"\" class=\"wp-image-178 size-full\" srcset=\"https:\/\/www.liceo-melzocassano.edu.it\/magazine\/wp-content\/uploads\/2021\/06\/87813764_214647119727387_2395379855834868221_n1-819x1024.jpg 819w, https:\/\/www.liceo-melzocassano.edu.it\/magazine\/wp-content\/uploads\/2021\/06\/87813764_214647119727387_2395379855834868221_n1-240x300.jpg 240w, https:\/\/www.liceo-melzocassano.edu.it\/magazine\/wp-content\/uploads\/2021\/06\/87813764_214647119727387_2395379855834868221_n1-768x960.jpg 768w, https:\/\/www.liceo-melzocassano.edu.it\/magazine\/wp-content\/uploads\/2021\/06\/87813764_214647119727387_2395379855834868221_n1.jpg 1080w\" sizes=\"auto, (max-width: 819px) 100vw, 819px\" \/><\/figure><div class=\"wp-block-media-text__content\">\n<p class=\"has-medium-font-size\">Robert Baltatu \u00e8 il nostro Junior Ambassador per il Parlamento Europeo<\/p>\n<\/div><\/div>\n\n\n\n<p class=\"has-text-align-left\"><strong>Scuola che favorisce la conoscenza dell\u2019operato dell\u2019unione europea <\/strong><\/p>\n\n\n\n<p class=\"has-black-color has-text-color\"><strong>Prof responsabili:<\/strong><br>Baggi collaboratore, Antelli e<br>presidenza referenti<br><\/p>\n\n\n\n<blockquote class=\"wp-block-quote is-layout-flow wp-block-quote-is-layout-flow\"><p>\u201cAbbiamo deciso di partecipare<br>all\u2019iniziativa per non dimenticarci di<br>essere parte della comunit\u00e0<br>europea. Non \u00e8 interesse personale,<br>ma sopratutto per voi studenti, in<br>particolare del linguistico.\u201d<\/p><\/blockquote>\n\n\n\n<p><br><strong>Simbolo:<\/strong> targhetta<br><strong>Nascita: <\/strong>2019<br><strong>Scopo:<\/strong> Tenere la scuola legata al parlamento e andare ad assistere all\u2019attivit\u00e0 parlamentare. Coinvolgere attivamente gli   alunni.<br><strong>Classi coinvolte:<\/strong> 3, 4, 5<\/p>\n\n\n\n<h2 class=\"has-vivid-cyan-blue-color has-text-color has-large-font-size wp-block-heading\">Attivit\u00e0 svolte<\/h2>\n\n\n\n<p>Il 9 maggio si \u00e8 celebrata nella sede di Melzo la festa d\u2019Europa, con diverse attivit\u00e0 a livello scolastico<br>tra cui una cerimonia di consegna in presidenza;<br>La realizzazione di un filmato di 90 secondi su un tema proposto dalla comunit\u00e0, con in premio al<br>vincitore la diffusione della comunit\u00e0 europea del filmato e un viaggio a Bruxelles<br>Si \u00e8 deciso di partecipare all\u2019iniziativa al fine di coinvolgere pi\u00f9 attiva, ente gli studenti in particolare<br>del linguistico, nelle diverse attivit\u00e0 parlamentari.<br>Con il tempo si era dimenticato di far parte della comunit\u00e0 europea e si erano persi i rapporti con essa,<br>ma grazie alla collaborazione di uno studente in particolare, si \u00e8 reso possibile questo progetto.<\/p>\n\n\n\n<div class=\"wp-block-media-text alignwide is-stacked-on-mobile\"><figure class=\"wp-block-media-text__media\"><img loading=\"lazy\" decoding=\"async\" width=\"452\" height=\"296\" src=\"https:\/\/www.liceo-melzocassano.edu.it\/magazine\/wp-content\/uploads\/2021\/06\/immagine_2021-06-07_001706.png\" alt=\"\" class=\"wp-image-149 size-full\" srcset=\"https:\/\/www.liceo-melzocassano.edu.it\/magazine\/wp-content\/uploads\/2021\/06\/immagine_2021-06-07_001706.png 452w, https:\/\/www.liceo-melzocassano.edu.it\/magazine\/wp-content\/uploads\/2021\/06\/immagine_2021-06-07_001706-300x196.png 300w\" sizes=\"auto, (max-width: 452px) 100vw, 452px\" \/><\/figure><div class=\"wp-block-media-text__content\">\n<p>La comunit\u00e0 europea \u00e8 nata, infatti, per avere un sistema<br>chiuso ma Robert Baltatu, studente attivista della 5BL, ha<br>rappresentato un collegamento diretto con il parlamento,<br>riuscendo cos\u00ec, a far rientrare la nostra scuola tra le<br>fortunate che hanno potuto partecipare a questa<br>iniziativa.<br>Un ultimo progetto promosso nella nostra scuola \u00e8 stato<br>infine in collaborazione con il program \u2018Euroscola\u2019,<br>un\u2019iniziativa portata avanti quest\u2019anno nella variante<br>online.<\/p>\n<\/div><\/div>\n\n\n\n<p>Esso offre la possibilit\u00e0 agli alunni certificati di partecipare ad alcune lezioni online con specialisti, di conoscere il<br>funzionamento del parlamento europeo, di avere informazioni riguardo i suoi membri e le sue diverse attivit\u00e0 e iniziative.<br>Il 16 aprile 2021 si \u00e8 tenuta riguardo una conferenza nell\u2019aula Capri della nostra scuola dove i diversi<br>studenti presenti hanno potuto condividere le loro idee e sono stati pi\u00f9 coinvolti nei diversi interventi.<br><\/p>\n\n\n\n<p>Terminata la conferenza grazie alla collaborazione di Robert Baltatu e al suo intervento, Davide<br>Sassoli, presidente del parlamento europeo, ha riconosciuto la validit\u00e0 del progetto ed ha mandato un attestato<br>alle classi 5Bl e 5C.<\/p>\n","protected":false},"excerpt":{"rendered":"<p>Ambassador School \u00e8 un progetto promosso dall\u2019Ufficiodel Parlamento Europeo in Italia (PE) e si svolge allescuole secondarie di secondo grado<\/p>\n","protected":false},"author":10,"featured_media":148,"comment_status":"open","ping_status":"open","sticky":false,"template":"","format":"standard","meta":{"colormag_page_container_layout":"default_layout","colormag_page_sidebar_layout":"default_layout","footnotes":""},"categories":[9],"tags":[],"class_list":["post-147","post","type-post","status-publish","format-standard","has-post-thumbnail","hentry","category-gb-eventi"],"_links":{"self":[{"href":"https:\/\/www.liceo-melzocassano.edu.it\/magazine\/index.php\/wp-json\/wp\/v2\/posts\/147","targetHints":{"allow":["GET"]}}],"collection":[{"href":"https:\/\/www.liceo-melzocassano.edu.it\/magazine\/index.php\/wp-json\/wp\/v2\/posts"}],"about":[{"href":"https:\/\/www.liceo-melzocassano.edu.it\/magazine\/index.php\/wp-json\/wp\/v2\/types\/post"}],"author":[{"embeddable":true,"href":"https:\/\/www.liceo-melzocassano.edu.it\/magazine\/index.php\/wp-json\/wp\/v2\/users\/10"}],"replies":[{"embeddable":true,"href":"https:\/\/www.liceo-melzocassano.edu.it\/magazine\/index.php\/wp-json\/wp\/v2\/comments?post=147"}],"version-history":[{"count":5,"href":"https:\/\/www.liceo-melzocassano.edu.it\/magazine\/index.php\/wp-json\/wp\/v2\/posts\/147\/revisions"}],"predecessor-version":[{"id":246,"href":"https:\/\/www.liceo-melzocassano.edu.it\/magazine\/index.php\/wp-json\/wp\/v2\/posts\/147\/revisions\/246"}],"wp:featuredmedia":[{"embeddable":true,"href":"https:\/\/www.liceo-melzocassano.edu.it\/magazine\/index.php\/wp-json\/wp\/v2\/media\/148"}],"wp:attachment":[{"href":"https:\/\/www.liceo-melzocassano.edu.it\/magazine\/index.php\/wp-json\/wp\/v2\/media?parent=147"}],"wp:term":[{"taxonomy":"category","embeddable":true,"href":"https:\/\/www.liceo-melzocassano.edu.it\/magazine\/index.php\/wp-json\/wp\/v2\/categories?post=147"},{"taxonomy":"post_tag","embeddable":true,"href":"https:\/\/www.liceo-melzocassano.edu.it\/magazine\/index.php\/wp-json\/wp\/v2\/tags?post=147"}],"curies":[{"name":"wp","href":"https:\/\/api.w.org\/{rel}","templated":true}]}}