{"id":365,"date":"2021-11-26T10:58:27","date_gmt":"2021-11-26T10:58:27","guid":{"rendered":"https:\/\/www.liceo-melzocassano.edu.it\/magazine\/?p=365"},"modified":"2022-03-20T22:10:26","modified_gmt":"2022-03-20T22:10:26","slug":"suggerimenti-di-letture-film-e-spettacoli","status":"publish","type":"post","link":"https:\/\/www.liceo-melzocassano.edu.it\/magazine\/index.php\/2021\/11\/26\/suggerimenti-di-letture-film-e-spettacoli\/","title":{"rendered":"SUGGERIMENTI DI LETTURE, FILM E SPETTACOLI"},"content":{"rendered":"\n<div class=\"wp-block-image\"><figure class=\"alignleft size-large is-resized\"><img loading=\"lazy\" decoding=\"async\" src=\"https:\/\/www.liceo-melzocassano.edu.it\/magazine\/wp-content\/uploads\/2021\/11\/il-treno-dei-bambini-654x1024.jpg\" alt=\"\" class=\"wp-image-366\" width=\"201\" height=\"315\" srcset=\"https:\/\/www.liceo-melzocassano.edu.it\/magazine\/wp-content\/uploads\/2021\/11\/il-treno-dei-bambini-654x1024.jpg 654w, https:\/\/www.liceo-melzocassano.edu.it\/magazine\/wp-content\/uploads\/2021\/11\/il-treno-dei-bambini-192x300.jpg 192w, https:\/\/www.liceo-melzocassano.edu.it\/magazine\/wp-content\/uploads\/2021\/11\/il-treno-dei-bambini-768x1202.jpg 768w, https:\/\/www.liceo-melzocassano.edu.it\/magazine\/wp-content\/uploads\/2021\/11\/il-treno-dei-bambini-981x1536.jpg 981w, https:\/\/www.liceo-melzocassano.edu.it\/magazine\/wp-content\/uploads\/2021\/11\/il-treno-dei-bambini.jpg 1000w\" sizes=\"auto, (max-width: 201px) 100vw, 201px\" \/><\/figure><\/div>\n\n\n\n<p><strong>LIBRI:<\/strong><\/p>\n\n\n\n<p>&#8220;<strong>Il treno dei bambini<\/strong>&#8220;<\/p>\n\n\n\n<p><strong>&nbsp;autore: Viola Ardone<\/strong><\/p>\n\n\n\n<p>L&#8217;autrice \u00e8 una giovane insegnante napoletana che racconta sotto forma di romanzo una storia vera ambientata tra Napoli e l\u2019Emilia-Romagna negli anni dell&#8217;immediato dopoguerra. \u00c8 una storia di riscatto che si realizza attraversa la buona volont\u00e0 delle persone ma, soprattutto, attraverso l&#8217;idea che solo la cultura pu\u00f2 davvero cambiare le sorti della tua vita. \u00c8 una storia tutta italiana che in pochi conoscono e che, al contrario, vale la pena conoscere. <\/p>\n\n\n\n<p><em>consigliato dalla prof. ssa  Caluri<\/em><\/p>\n\n\n\n<p><\/p>\n\n\n\n<p><\/p>\n\n\n\n<div class=\"wp-block-image\"><figure class=\"alignright size-full is-resized\"><img loading=\"lazy\" decoding=\"async\" src=\"https:\/\/www.liceo-melzocassano.edu.it\/magazine\/wp-content\/uploads\/2021\/11\/il-cacciatore-di.jpg\" alt=\"\" class=\"wp-image-367\" width=\"274\" height=\"427\"\/><\/figure><\/div>\n\n\n\n<p><\/p>\n\n\n\n<p>&#8220;<strong>Il cacciatore di aquiloni&#8221; &nbsp; &nbsp; &nbsp; &nbsp; <\/strong><\/p>\n\n\n\n<p><strong>autore: Khaled&nbsp; Hosseini<\/strong><\/p>\n\n\n\n<p>E&#8217; la storia di un&#8217;amicizia tra due ragazzi raccontata attraverso trent&#8217;anni di storia Afghana. Dal tempo in cui Kabul era una citt\u00e0 splendida al periodo in cui fu schiacciata dall&#8217;invasione sovietica e poi dai talebani. Amir e Hassan, oltre ad essere due grandi amici, sono uniti da una grande passione per le gare di aquilone. Ma la loro condizione sociale li divide: l&#8217;uno  figlio di un ricco imprenditore, l&#8217;altro  servitore; l&#8217;uno sunnita, l&#8217;altro sciita. Un tragico evento per\u00f2 cambier\u00e0 per sempre la loro vita.  Costretto a lasciare l\u2019Afghanistan, Amir non riesce a superare il senso di colpa per il dolore  causato al suo amico. Tornato poi a Kabul, scopre che la sua terra non \u00e8 pi\u00f9 quella di un tempo: ad attenderlo trover\u00e0  un mondo violento, dove le donne sono invisibili, la bellezza \u00e8 fuorilegge e gli aquiloni non volano pi\u00f9.  La lettura vi coinvolger\u00e0 sempre pi\u00f9 e sembrer\u00e0 di entrare in un mondo reale, come quello che leggiamo sui giornali o ascoltiamo alla televisione, ma guardandolo da un altro punto di vista<\/p>\n\n\n\n<p><em>Consigliato dalla prof.ssa Caiazzo<\/em><\/p>\n\n\n\n<div class=\"wp-block-image\"><figure class=\"alignleft size-full is-resized\"><img loading=\"lazy\" decoding=\"async\" src=\"https:\/\/www.liceo-melzocassano.edu.it\/magazine\/wp-content\/uploads\/2021\/11\/bianco.jpg\" alt=\"\" class=\"wp-image-370\" width=\"254\" height=\"382\" srcset=\"https:\/\/www.liceo-melzocassano.edu.it\/magazine\/wp-content\/uploads\/2021\/11\/bianco.jpg 332w, https:\/\/www.liceo-melzocassano.edu.it\/magazine\/wp-content\/uploads\/2021\/11\/bianco-199x300.jpg 199w\" sizes=\"auto, (max-width: 254px) 100vw, 254px\" \/><\/figure><\/div>\n\n\n\n<p><\/p>\n\n\n\n<p><\/p>\n\n\n\n<p>&#8220;<strong>Bianco&nbsp;&#8221; &nbsp; &nbsp; &nbsp; &nbsp; &nbsp; &nbsp; &nbsp; &nbsp; &nbsp; &nbsp; &nbsp; &nbsp; &nbsp; &nbsp; &nbsp; &nbsp; &nbsp;<\/strong><\/p>\n\n\n\n<p>autore:<strong> &nbsp; Laura Bonalumi<\/strong><\/p>\n\n\n\n<p>Fuori dalla chiesa, la peggiore bufera di neve che si ricordi. Dentro la chiesa, sette persone rifugiate e isolate dal mondo. Una ragazza, una donna, due bambini, un uomo, un prete, un ladro. Tutti hanno perso qualcosa di molto prezioso. Un libro che porta a riflettere sulla solidariet\u00e0, sul cambiamento climatico e sebbene scritto prima del covid, la storia \u00e8 pi\u00f9 che mai attuale. <\/p>\n\n\n\n<p><em>Consigliato dalla prof. ssa Marinelli<\/em><\/p>\n\n\n\n<p><\/p>\n\n\n\n<p><\/p>\n\n\n\n<div class=\"wp-block-image\"><figure class=\"alignright size-full is-resized\"><img loading=\"lazy\" decoding=\"async\" src=\"https:\/\/www.liceo-melzocassano.edu.it\/magazine\/wp-content\/uploads\/2021\/11\/nuovo-cinema-paradiso.jpg\" alt=\"\" class=\"wp-image-371\" width=\"340\" height=\"489\" srcset=\"https:\/\/www.liceo-melzocassano.edu.it\/magazine\/wp-content\/uploads\/2021\/11\/nuovo-cinema-paradiso.jpg 356w, https:\/\/www.liceo-melzocassano.edu.it\/magazine\/wp-content\/uploads\/2021\/11\/nuovo-cinema-paradiso-209x300.jpg 209w\" sizes=\"auto, (max-width: 340px) 100vw, 340px\" \/><\/figure><\/div>\n\n\n\n<p><\/p>\n\n\n\n<p><strong>FILM<\/strong><\/p>\n\n\n\n<p>&#8220;<strong>Nuovo cinema paradiso&nbsp;&#8221; &nbsp; &nbsp; &nbsp; &nbsp; &nbsp; &nbsp; <\/strong><\/p>\n\n\n\n<p>regia di <strong>Giuseppe Tornatore<\/strong><\/p>\n\n\n\n<p>Salvatore detto Tot\u00f2 Di Vita \u00e8 un affermato regista cinematografico che vive e opera a Roma. Una sera, riceve una telefonata dalla Sicilia: \u00e8 l\u2019anziana madre che comunica al figlio la morte dell\u2019amico e proiezionista del Nuovo Cinema Paradiso Alfredo. La riscoperta delle proprie origini \u00e8 il tema centrale di questo film che aiuta a farci capire quanto, anche i luoghi che non sentiamo casa, lascino in noi qualcosa per sempre.<\/p>\n\n\n\n<p>&nbsp;<em>Consigliato dalla prof. Zamarioli<\/em><\/p>\n\n\n\n<p><\/p>\n\n\n\n<p><\/p>\n\n\n\n<p><\/p>\n\n\n\n<div class=\"wp-block-image\"><figure class=\"alignleft size-full is-resized\"><img loading=\"lazy\" decoding=\"async\" src=\"https:\/\/www.liceo-melzocassano.edu.it\/magazine\/wp-content\/uploads\/2021\/11\/il-nome-della-rosa.webp\" alt=\"\" class=\"wp-image-372\" width=\"265\" height=\"379\" srcset=\"https:\/\/www.liceo-melzocassano.edu.it\/magazine\/wp-content\/uploads\/2021\/11\/il-nome-della-rosa.webp 235w, https:\/\/www.liceo-melzocassano.edu.it\/magazine\/wp-content\/uploads\/2021\/11\/il-nome-della-rosa-210x300.webp 210w\" sizes=\"auto, (max-width: 265px) 100vw, 265px\" \/><\/figure><\/div>\n\n\n\n<p><\/p>\n\n\n\n<p>&#8220;<strong>Il nome della rosa&#8221;&nbsp; &nbsp; &nbsp; &nbsp; &nbsp; &nbsp; &nbsp; &nbsp; &nbsp; &nbsp; &nbsp; &nbsp; &nbsp; &nbsp; &nbsp; &nbsp; &nbsp;<\/strong><\/p>\n\n\n\n<p>regia di<strong> &nbsp; Jean-Jacques Annaud<\/strong><\/p>\n\n\n\n<p>Tratto dall\u2019omonimo romanzo di Umberto Eco. Il protagonista \u00e8 Guglielmo Da Baskerville, un frate che si trova in un\u2019abbazia italiana e che insieme al suo novizio Adso decide di investigare su alcuni terribili omicidi. Sul loro cammino per\u00f2, verranno a conoscenza di una terribile verit\u00e0. Il film parla da solo: Il mistero, la suspence e la ricerca di una verit\u00e0 nascosta sono i temi che rendono questa storia estremamente avvincente.<\/p>\n\n\n\n<p> <em>Consigliato dalla prof.ssa Spino<\/em><\/p>\n\n\n\n<p><\/p>\n\n\n\n<p><\/p>\n\n\n\n<p><\/p>\n\n\n\n<p><strong>Musical  &#8220;I Promessi Sposi &#8221;&nbsp; &nbsp;<\/strong><\/p>\n\n\n\n<div class=\"wp-block-image\"><figure class=\"alignright size-full is-resized\"><img loading=\"lazy\" decoding=\"async\" src=\"https:\/\/www.liceo-melzocassano.edu.it\/magazine\/wp-content\/uploads\/2021\/11\/i-promessi-sposi.jpg\" alt=\"\" class=\"wp-image-373\" width=\"459\" height=\"257\" srcset=\"https:\/\/www.liceo-melzocassano.edu.it\/magazine\/wp-content\/uploads\/2021\/11\/i-promessi-sposi.jpg 918w, https:\/\/www.liceo-melzocassano.edu.it\/magazine\/wp-content\/uploads\/2021\/11\/i-promessi-sposi-300x168.jpg 300w, https:\/\/www.liceo-melzocassano.edu.it\/magazine\/wp-content\/uploads\/2021\/11\/i-promessi-sposi-768x430.jpg 768w\" sizes=\"auto, (max-width: 459px) 100vw, 459px\" \/><\/figure><\/div>\n\n\n\n<p>testo e regia di <strong> Michele Guard\u00ec<\/strong><\/p>\n\n\n\n<p>Questo musical \u00e8 un insieme di ottimi \u201cingredienti\u201d (cast, scenografie, costumi) miscelati da un\u2019appassionata e ritmata regia che, in quasi tre ore di spettacolo, non lascia spazio a tempi morti.&nbsp; Fa trasparire la grande esperienza televisiva e teatrale e la profonda cultura musicale e letteraria di Michele Guard\u00ec. Opera originale e tradizionale allo stesso tempo, questo lavoro tende a rileggere il romanzo di Manzoni ma non a stravolgerlo, attingendo a piene mani dall\u2019opera lirica ottocentesca.<\/p>\n\n\n\n<p><em>\u00a0Consigliato dalla prof. ssa  Caiazzo<\/em><\/p>\n\n\n\n<p><\/p>\n\n\n\n<p class=\"has-text-align-right\"><span class=\"has-inline-color has-vivid-cyan-blue-color\"><em>Marco 4B linguistico<\/em>                            <em>Carolina<\/em> <em>4C linguistico<\/em><\/span><\/p>\n","protected":false},"excerpt":{"rendered":"<p>LIBRI: &#8220;Il treno dei bambini&#8220; &nbsp;autore: Viola Ardone L&#8217;autrice \u00e8 una giovane insegnante napoletana che racconta sotto forma di romanzo<\/p>\n","protected":false},"author":7,"featured_media":377,"comment_status":"open","ping_status":"open","sticky":false,"template":"","format":"standard","meta":{"colormag_page_container_layout":"default_layout","colormag_page_sidebar_layout":"default_layout","footnotes":""},"categories":[17],"tags":[],"class_list":["post-365","post","type-post","status-publish","format-standard","has-post-thumbnail","hentry","category-gb-cultura"],"_links":{"self":[{"href":"https:\/\/www.liceo-melzocassano.edu.it\/magazine\/index.php\/wp-json\/wp\/v2\/posts\/365","targetHints":{"allow":["GET"]}}],"collection":[{"href":"https:\/\/www.liceo-melzocassano.edu.it\/magazine\/index.php\/wp-json\/wp\/v2\/posts"}],"about":[{"href":"https:\/\/www.liceo-melzocassano.edu.it\/magazine\/index.php\/wp-json\/wp\/v2\/types\/post"}],"author":[{"embeddable":true,"href":"https:\/\/www.liceo-melzocassano.edu.it\/magazine\/index.php\/wp-json\/wp\/v2\/users\/7"}],"replies":[{"embeddable":true,"href":"https:\/\/www.liceo-melzocassano.edu.it\/magazine\/index.php\/wp-json\/wp\/v2\/comments?post=365"}],"version-history":[{"count":6,"href":"https:\/\/www.liceo-melzocassano.edu.it\/magazine\/index.php\/wp-json\/wp\/v2\/posts\/365\/revisions"}],"predecessor-version":[{"id":379,"href":"https:\/\/www.liceo-melzocassano.edu.it\/magazine\/index.php\/wp-json\/wp\/v2\/posts\/365\/revisions\/379"}],"wp:featuredmedia":[{"embeddable":true,"href":"https:\/\/www.liceo-melzocassano.edu.it\/magazine\/index.php\/wp-json\/wp\/v2\/media\/377"}],"wp:attachment":[{"href":"https:\/\/www.liceo-melzocassano.edu.it\/magazine\/index.php\/wp-json\/wp\/v2\/media?parent=365"}],"wp:term":[{"taxonomy":"category","embeddable":true,"href":"https:\/\/www.liceo-melzocassano.edu.it\/magazine\/index.php\/wp-json\/wp\/v2\/categories?post=365"},{"taxonomy":"post_tag","embeddable":true,"href":"https:\/\/www.liceo-melzocassano.edu.it\/magazine\/index.php\/wp-json\/wp\/v2\/tags?post=365"}],"curies":[{"name":"wp","href":"https:\/\/api.w.org\/{rel}","templated":true}]}}