{"id":413,"date":"2022-03-18T11:38:32","date_gmt":"2022-03-18T11:38:32","guid":{"rendered":"https:\/\/www.liceo-melzocassano.edu.it\/magazine\/?p=413"},"modified":"2022-03-18T11:38:33","modified_gmt":"2022-03-18T11:38:33","slug":"i-bersagli-preferiti-del-covid-scopriamo-quanto-siamo-disposti-a-contrarre-il-virus","status":"publish","type":"post","link":"https:\/\/www.liceo-melzocassano.edu.it\/magazine\/index.php\/2022\/03\/18\/i-bersagli-preferiti-del-covid-scopriamo-quanto-siamo-disposti-a-contrarre-il-virus\/","title":{"rendered":"I BERSAGLI PREFERITI DEL COVID: SCOPRIAMO QUANTO SIAMO DISPOSTI A CONTRARRE IL VIRUS"},"content":{"rendered":"\n<p>Oggi l\u2019argomento del Covid \u00e8 probabilmente il pi\u00f9 trattato dalla popolazione italiana, a partire da noi ragazzi, fino ai soggetti pi\u00f9 anziani. Ma tutti, sin dal primo lockdown, hanno cercato di capire i motivi per cui determinate persone tendono a contagiarsi pi\u00f9 facilmente di altre, o mostrano&nbsp; sintomi pi\u00f9 o meno gravi.&nbsp;<\/p>\n\n\n\n<p>Attualmente non si hanno risposte certe in merito, gli scienziati stanno ancora confrontando i dati raccolti e prendendo in considerazioni diversi fattori. Scopriamoli!<\/p>\n\n\n\n<div class=\"wp-block-media-text alignwide is-stacked-on-mobile\"><figure class=\"wp-block-media-text__media\"><img loading=\"lazy\" decoding=\"async\" width=\"350\" height=\"200\" src=\"https:\/\/www.liceo-melzocassano.edu.it\/magazine\/wp-content\/uploads\/2022\/03\/il-contagio2-1.jpg\" alt=\"\" class=\"wp-image-414 size-full\" srcset=\"https:\/\/www.liceo-melzocassano.edu.it\/magazine\/wp-content\/uploads\/2022\/03\/il-contagio2-1.jpg 350w, https:\/\/www.liceo-melzocassano.edu.it\/magazine\/wp-content\/uploads\/2022\/03\/il-contagio2-1-300x171.jpg 300w\" sizes=\"auto, (max-width: 350px) 100vw, 350px\" \/><\/figure><div class=\"wp-block-media-text__content\">\n<p>Il primo \u00e8 l\u2019et\u00e0. La categoria pi\u00f9 a rischio \u00e8 quella delle persone con anni pari o superiori ai 70.&nbsp; Con l\u2019invecchiamento peggiorano infatti le capacit\u00e0 del sistema immunitario ed&nbsp; \u00e8 anche pi\u00f9 probabile che una persona anziana soffra di malattie croniche, che ne compromettono lo stato di salute, rendendola pi\u00f9 vulnerabile all\u2019infezione.<\/p>\n\n\n\n<p>Il secondo \u00e8 il sesso. I soggetti maggiormente esposti al contagio sono gli uomini. Probabilmente gli estrogeni della donna hanno un ruolo protettivo, in quanto aumenterebbero l\u2019espressione del recettore Ace 2, che se da una parte viene usato dal virus per entrare nelle cellule, dall\u2019altra costituisce uno scudo protettivo per i polmoni e contro le malattie cardiovascolari.&nbsp;<\/p>\n<\/div><\/div>\n\n\n\n<p>Il terzo dipende dalla genetica. Uno studio condotto su quasi 2000 pazienti in Italia e in Spagna ha identificato un gruppo di varianti sul cromosoma 3, associate a sintomi gravi e difficolt\u00e0 respiratorie nei pazienti affetti da Covid-19. Alcuni dei geni identificati sono strettamente legati alla produzione delle citochine, molecole coinvolte nell\u2019azione del sistema immunitario, e un altro codifica una proteina che interagisce con la produzione del recettore Ace 2.<\/p>\n\n\n\n<p>I ricercatori hanno inoltre scoperto che alcuni geni del cromosoma 9, implicati nella determinazione del gruppo sanguigno, potrebbero modificare il rischio di sviluppare sintomi gravi. Infatti le persone con gruppo sanguigno A sarebbero pi\u00f9 soggette degli altri ad ammalarsi.<\/p>\n\n\n\n<div class=\"wp-block-media-text alignwide has-media-on-the-right is-stacked-on-mobile\"><figure class=\"wp-block-media-text__media\"><img loading=\"lazy\" decoding=\"async\" width=\"576\" height=\"1024\" src=\"https:\/\/www.liceo-melzocassano.edu.it\/magazine\/wp-content\/uploads\/2022\/03\/il-contagio-576x1024.png\" alt=\"\" class=\"wp-image-415 size-full\" srcset=\"https:\/\/www.liceo-melzocassano.edu.it\/magazine\/wp-content\/uploads\/2022\/03\/il-contagio-576x1024.png 576w, https:\/\/www.liceo-melzocassano.edu.it\/magazine\/wp-content\/uploads\/2022\/03\/il-contagio-169x300.png 169w, https:\/\/www.liceo-melzocassano.edu.it\/magazine\/wp-content\/uploads\/2022\/03\/il-contagio.png 752w\" sizes=\"auto, (max-width: 576px) 100vw, 576px\" \/><\/figure><div class=\"wp-block-media-text__content\">\n<p>Il terzo dipende dalla genetica. Uno studio condotto su quasi 2000 pazienti in Italia e in Spagna ha identificato un gruppo di varianti sul cromosoma 3, associate a sintomi gravi e difficolt\u00e0 respiratorie nei pazienti affetti da Covid-19. Alcuni dei geni identificati sono strettamente legati alla produzione delle citochine, molecole coinvolte nell\u2019azione del sistema immunitario, e un altro codifica una proteina che interagisce con la produzione del recettore Ace 2.<\/p>\n\n\n\n<p>I ricercatori hanno inoltre scoperto che alcuni geni del cromosoma 9, implicati nella determinazione del gruppo sanguigno, potrebbero modificare il rischio di sviluppare sintomi gravi. Infatti le persone con gruppo sanguigno A sarebbero pi\u00f9 soggette degli altri ad ammalarsi.<\/p>\n<\/div><\/div>\n\n\n\n<p>Il quarto fattore \u00e8 rappresentato dalle malattie croniche. Esse rendono pi\u00f9 gravi i sintomi da infezione di Sars-Cov-2. Un sondaggio relativo a 5.700 pazienti ospedalizzati per Covid-19 a New York, ha mostrato che il 94% di loro possedeva almeno una malattia cronica, e l\u201988% ne aveva pi\u00f9 di una. Altre ricerche hanno evidenziato come le malattie croniche pi\u00f9 comuni nei pazienti ospedalizzati per questo virus, siano quelle cardiovascolari, quelle polmonari e il diabete.&nbsp;<\/p>\n\n\n\n<p>Queste patologie\u00a0 sono infatti spesso associate a infiammazioni croniche, che compromettono la funzione del sistema immunitario, debilitano l\u2019organismo e lo rendono pi\u00f9 fragile ed esposto a infezioni.<\/p>\n\n\n\n<p><\/p>\n\n\n\n<p>Infine negli Stati Uniti il 33 % dei casi di Covid-19 \u00e8 stato registrato in persone di etnia latinoamericana e il 22 % in persone nere e anche&nbsp; la mortalit\u00e0 tra i neri \u00e8 in media maggiore rispetto a quella dei bianchi.&nbsp;<\/p>\n\n\n\n<p>La biologia in questo caso per\u00f2 non c\u2019entra nulla, si tratta piuttosto di fattori sociali ed economici: le minoranze\u00a0 etniche e i gruppi sociali pi\u00f9 svantaggiati hanno in media meno accesso a cure sanitarie di qualit\u00e0 e conducono uno stile di vita meno salutare, questo le rende\u00a0 meno protette degli altri nei confronti di una minaccia cos\u00ec pericolosa e spietata come quella del Covid-19.\u00a0<\/p>\n\n\n\n<p><\/p>\n\n\n\n<p>RIFERIMENTI BIBLIOGRAFICI:<\/p>\n\n\n\n<p><a href=\"https:\/\/www.wired.it\/scienza\/medicina\/2020\/08\/28\/perche-covid-19-colpisce-modo-diverso\/\">https:\/\/www.wired.it\/scienza\/medicina\/2020\/08\/28\/perche-covid-19-colpisce-modo-diverso\/<\/a><\/p>\n\n\n\n<p><a href=\"http:\/\/www.analisicmt.it\/articoli\/covid-19-perche-il-virus-colpisce-in-modo-disomogeneo\/\">http:\/\/www.analisicmt.it\/articoli\/covid-19-perche-il-virus-colpisce-in-modo-disomogeneo\/<\/a><\/p>\n\n\n\n<p><\/p>\n\n\n\n<p class=\"has-text-align-right\">Federica Boccaletti, Francesca Donati 4B Linguistico<\/p>\n","protected":false},"excerpt":{"rendered":"<p>Oggi l\u2019argomento del Covid \u00e8 probabilmente il pi\u00f9 trattato dalla popolazione italiana, a partire da noi ragazzi, fino ai soggetti<\/p>\n","protected":false},"author":10,"featured_media":414,"comment_status":"open","ping_status":"open","sticky":false,"template":"","format":"standard","meta":{"colormag_page_container_layout":"default_layout","colormag_page_sidebar_layout":"default_layout","footnotes":""},"categories":[16],"tags":[],"class_list":["post-413","post","type-post","status-publish","format-standard","has-post-thumbnail","hentry","category-gb-scienze"],"_links":{"self":[{"href":"https:\/\/www.liceo-melzocassano.edu.it\/magazine\/index.php\/wp-json\/wp\/v2\/posts\/413","targetHints":{"allow":["GET"]}}],"collection":[{"href":"https:\/\/www.liceo-melzocassano.edu.it\/magazine\/index.php\/wp-json\/wp\/v2\/posts"}],"about":[{"href":"https:\/\/www.liceo-melzocassano.edu.it\/magazine\/index.php\/wp-json\/wp\/v2\/types\/post"}],"author":[{"embeddable":true,"href":"https:\/\/www.liceo-melzocassano.edu.it\/magazine\/index.php\/wp-json\/wp\/v2\/users\/10"}],"replies":[{"embeddable":true,"href":"https:\/\/www.liceo-melzocassano.edu.it\/magazine\/index.php\/wp-json\/wp\/v2\/comments?post=413"}],"version-history":[{"count":1,"href":"https:\/\/www.liceo-melzocassano.edu.it\/magazine\/index.php\/wp-json\/wp\/v2\/posts\/413\/revisions"}],"predecessor-version":[{"id":416,"href":"https:\/\/www.liceo-melzocassano.edu.it\/magazine\/index.php\/wp-json\/wp\/v2\/posts\/413\/revisions\/416"}],"wp:featuredmedia":[{"embeddable":true,"href":"https:\/\/www.liceo-melzocassano.edu.it\/magazine\/index.php\/wp-json\/wp\/v2\/media\/414"}],"wp:attachment":[{"href":"https:\/\/www.liceo-melzocassano.edu.it\/magazine\/index.php\/wp-json\/wp\/v2\/media?parent=413"}],"wp:term":[{"taxonomy":"category","embeddable":true,"href":"https:\/\/www.liceo-melzocassano.edu.it\/magazine\/index.php\/wp-json\/wp\/v2\/categories?post=413"},{"taxonomy":"post_tag","embeddable":true,"href":"https:\/\/www.liceo-melzocassano.edu.it\/magazine\/index.php\/wp-json\/wp\/v2\/tags?post=413"}],"curies":[{"name":"wp","href":"https:\/\/api.w.org\/{rel}","templated":true}]}}