{"id":444,"date":"2022-04-22T13:40:49","date_gmt":"2022-04-22T13:40:49","guid":{"rendered":"https:\/\/www.liceo-melzocassano.edu.it\/magazine\/?p=444"},"modified":"2022-04-22T13:40:50","modified_gmt":"2022-04-22T13:40:50","slug":"non-ti-senti-un-po-spaiato-anche-tu","status":"publish","type":"post","link":"https:\/\/www.liceo-melzocassano.edu.it\/magazine\/index.php\/2022\/04\/22\/non-ti-senti-un-po-spaiato-anche-tu\/","title":{"rendered":"NON TI SENTI UN PO&#8217; SPAIATO ANCHE TU?"},"content":{"rendered":"\n<div class=\"wp-block-columns alignwide are-vertically-aligned-top is-layout-flex wp-container-core-columns-is-layout-28f84493 wp-block-columns-is-layout-flex\">\n<div class=\"wp-block-column is-layout-flow wp-block-column-is-layout-flow\" style=\"flex-basis:64%\">\n<div class=\"wp-block-columns is-layout-flex wp-container-core-columns-is-layout-28f84493 wp-block-columns-is-layout-flex\">\n<div class=\"wp-block-column is-layout-flow wp-block-column-is-layout-flow\" style=\"flex-basis:100%\">\n<p style=\"font-size:15px\">Dal 2014 \u00e8 nata l\u2019iniziativa della <strong><em>Giornata dei calzini spaiati<\/em><\/strong><em>,<\/em> grazie alla volont\u00e0 dei bambini di una scuola primaria di Aquileia (Udine) e della loro maestra.<\/p>\n\n\n\n<p>Negli anni l&#8217;iniziativa ha raccolto migliaia di adesioni. L&#8217;invito \u00e8 quello di indossare, il primo venerd\u00ec di febbraio, i calzini spaiati e condividere le foto sui social. L&#8217;obiettivo \u00e8 quello di sensibilizzare la gente e convincerla del fatto che &#8220;&#8230;<em>le persone, quelle comunemente chiamate diverse, non stanno poi cos&#8217; male insieme agli altri<\/em>&#8230;&#8221;<\/p>\n\n\n\n<p>Si tratta di un ottimo spunto di riflessione per volgere uno sguardo nuovo verso la diversit\u00e0, ma anche verso coloro che is sentono soli. Allora abbiamo deciso di partecipare alla giornata, presentandoci a lezione con i calzini diversi; perch\u00e9 in fondo anche noi ci sentiamo un po&#8217; spaiati. Abbiamo la testa tra le nuvole e i piedi che non sanno dove andare. <\/p>\n<\/div>\n<\/div>\n<\/div>\n\n\n\n<div class=\"wp-block-column is-layout-flow wp-block-column-is-layout-flow\" style=\"flex-basis:36%\">\n<figure class=\"wp-block-image is-resized\"><img loading=\"lazy\" decoding=\"async\" src=\"https:\/\/www.liceo-melzocassano.edu.it\/magazine\/wp-content\/uploads\/2022\/03\/IMG-1299-1-768x1024.jpg\" alt=\"\" class=\"wp-image-447\" width=\"493\" height=\"657\" srcset=\"https:\/\/www.liceo-melzocassano.edu.it\/magazine\/wp-content\/uploads\/2022\/03\/IMG-1299-1-768x1024.jpg 768w, https:\/\/www.liceo-melzocassano.edu.it\/magazine\/wp-content\/uploads\/2022\/03\/IMG-1299-1-225x300.jpg 225w, https:\/\/www.liceo-melzocassano.edu.it\/magazine\/wp-content\/uploads\/2022\/03\/IMG-1299-1-1152x1536.jpg 1152w, https:\/\/www.liceo-melzocassano.edu.it\/magazine\/wp-content\/uploads\/2022\/03\/IMG-1299-1-1536x2048.jpg 1536w, https:\/\/www.liceo-melzocassano.edu.it\/magazine\/wp-content\/uploads\/2022\/03\/IMG-1299-1-scaled.jpg 1920w\" sizes=\"auto, (max-width: 493px) 100vw, 493px\" \/><\/figure>\n<\/div>\n<\/div>\n\n\n\n<p>Intanto tra i corridoi dell&#8217;istituto si sente crescere la speranza di un ritorno alla normalit\u00e0 e alla piena attivit\u00e0, nonostante la situazione pandemica sia tuttora incerta. Tuttavia, proprio perch\u00e9 si tratta di una situazione che ci accompagna ancora oggi, dobbiamo imparare a conviverci e prenderne in considerazione anche i vantaggi. <\/p>\n\n\n\n<p>Abbiamo e stiamo ancora imparando a cogliere ogni occasione, senza perdere neanche un minuto a chiederci cosa farne del nostro tempo. Bisognerebbe solo agire, per quanto possibile. <\/p>\n\n\n\n<p>Focalizziamoci sul bene, su ci\u00f2 che ci fa sentire vivi e sulle persone che ci rendono felici, per poter passare pi\u00f9 tempo con esse. <\/p>\n\n\n\n<p>La vita va veloce, corre e non aspetta nessuno. Quindi, non preoccupiamoci di quello che non ci \u00e8 permesso fare, ma concentriamoci su ci\u00f2 che possiamo. <\/p>\n\n\n\n<p>&#8220;Sono stato ricco e non lo sapevo&#8221; diceva Pasolini nella sua opera &#8220;Una Vita Violenta&#8221;, che narra la storia di un ragazzo che tra fame, violenza e degrado riesce a scoprire in se stesso dei valori che non credeva potessero appartenergli. Dentro di noi c&#8217;\u00e8 un tesoro e nessuna circostanza \u00e8 abbastanza forte da distruggerlo. <\/p>\n\n\n\n<p>In questa occasione, a differenza del solito, abbiamo deciso di raccogliere le riflessioni emerse da colloqui che abbiamo realizzato in questo mese con i nostri compagni di scuola.<\/p>\n\n\n\n<p>Nell&#8217;immagine sottostante sono raccolti concetti principali, talvolta negativi, talvolta positivi. <\/p>\n\n\n\n<div class=\"wp-block-image\"><figure class=\"aligncenter size-full is-resized\"><img loading=\"lazy\" decoding=\"async\" src=\"https:\/\/www.liceo-melzocassano.edu.it\/magazine\/wp-content\/uploads\/2022\/03\/image0.jpeg\" alt=\"\" class=\"wp-image-446\" width=\"621\" height=\"647\" srcset=\"https:\/\/www.liceo-melzocassano.edu.it\/magazine\/wp-content\/uploads\/2022\/03\/image0.jpeg 828w, https:\/\/www.liceo-melzocassano.edu.it\/magazine\/wp-content\/uploads\/2022\/03\/image0-288x300.jpeg 288w, https:\/\/www.liceo-melzocassano.edu.it\/magazine\/wp-content\/uploads\/2022\/03\/image0-768x800.jpeg 768w\" sizes=\"auto, (max-width: 621px) 100vw, 621px\" \/><\/figure><\/div>\n\n\n\n<p>Sara, Giada, Marcello 4BL<\/p>\n","protected":false},"excerpt":{"rendered":"<p>Dal 2014 \u00e8 nata l\u2019iniziativa della Giornata dei calzini spaiati, grazie alla volont\u00e0 dei bambini di una scuola primaria di<\/p>\n","protected":false},"author":1,"featured_media":447,"comment_status":"open","ping_status":"open","sticky":false,"template":"","format":"standard","meta":{"colormag_page_container_layout":"default_layout","colormag_page_sidebar_layout":"default_layout","footnotes":""},"categories":[14],"tags":[],"class_list":["post-444","post","type-post","status-publish","format-standard","has-post-thumbnail","hentry","category-gb-emozioni"],"_links":{"self":[{"href":"https:\/\/www.liceo-melzocassano.edu.it\/magazine\/index.php\/wp-json\/wp\/v2\/posts\/444","targetHints":{"allow":["GET"]}}],"collection":[{"href":"https:\/\/www.liceo-melzocassano.edu.it\/magazine\/index.php\/wp-json\/wp\/v2\/posts"}],"about":[{"href":"https:\/\/www.liceo-melzocassano.edu.it\/magazine\/index.php\/wp-json\/wp\/v2\/types\/post"}],"author":[{"embeddable":true,"href":"https:\/\/www.liceo-melzocassano.edu.it\/magazine\/index.php\/wp-json\/wp\/v2\/users\/1"}],"replies":[{"embeddable":true,"href":"https:\/\/www.liceo-melzocassano.edu.it\/magazine\/index.php\/wp-json\/wp\/v2\/comments?post=444"}],"version-history":[{"count":7,"href":"https:\/\/www.liceo-melzocassano.edu.it\/magazine\/index.php\/wp-json\/wp\/v2\/posts\/444\/revisions"}],"predecessor-version":[{"id":561,"href":"https:\/\/www.liceo-melzocassano.edu.it\/magazine\/index.php\/wp-json\/wp\/v2\/posts\/444\/revisions\/561"}],"wp:featuredmedia":[{"embeddable":true,"href":"https:\/\/www.liceo-melzocassano.edu.it\/magazine\/index.php\/wp-json\/wp\/v2\/media\/447"}],"wp:attachment":[{"href":"https:\/\/www.liceo-melzocassano.edu.it\/magazine\/index.php\/wp-json\/wp\/v2\/media?parent=444"}],"wp:term":[{"taxonomy":"category","embeddable":true,"href":"https:\/\/www.liceo-melzocassano.edu.it\/magazine\/index.php\/wp-json\/wp\/v2\/categories?post=444"},{"taxonomy":"post_tag","embeddable":true,"href":"https:\/\/www.liceo-melzocassano.edu.it\/magazine\/index.php\/wp-json\/wp\/v2\/tags?post=444"}],"curies":[{"name":"wp","href":"https:\/\/api.w.org\/{rel}","templated":true}]}}