{"id":525,"date":"2022-04-22T13:45:01","date_gmt":"2022-04-22T13:45:01","guid":{"rendered":"https:\/\/www.liceo-melzocassano.edu.it\/magazine\/?p=525"},"modified":"2022-04-22T13:45:02","modified_gmt":"2022-04-22T13:45:02","slug":"nate-per-vincere-come-la-forza-interiore-puo-cambiare-la-tua-vita-paralimpiadi-storica-tripletta-italiana-nei-100-metri-femminili","status":"publish","type":"post","link":"https:\/\/www.liceo-melzocassano.edu.it\/magazine\/index.php\/2022\/04\/22\/nate-per-vincere-come-la-forza-interiore-puo-cambiare-la-tua-vita-paralimpiadi-storica-tripletta-italiana-nei-100-metri-femminili\/","title":{"rendered":"NATE PER VINCERE: COME LA FORZA INTERIORE PU\u00d2 CAMBIARE LA TUA VITA &#8211; Paralimpiadi, storica tripletta Italiana nei 100 metri femminili"},"content":{"rendered":"\n<p>Arriva finalmente dopo decenni la tripletta storica per l&#8217;Italia nei 100 metri femminili (categoria T63 ai Giochi Paralimpici di Tokyo 2020). La medaglia d&#8217;oro \u00e8 andata ad Ambra Sabatini con il nuovo record del mondo di 14.11, argento a Martina Caironi che ha chiuso in 14.46 e il bronzo a Monica Contrafatto in 14.73.&nbsp;<\/p>\n\n\n\n<p>Tutte e tre le atlete, dotate di una protesi alla gamba, si trovano a dover gareggiare la finale durante una giornata di pioggia intensa.<\/p>\n\n\n\n<div class=\"wp-block-columns is-layout-flex wp-container-core-columns-is-layout-28f84493 wp-block-columns-is-layout-flex\">\n<div class=\"wp-block-column is-layout-flow wp-block-column-is-layout-flow\" style=\"flex-basis:58%\">\n<figure class=\"wp-block-image\"><img loading=\"lazy\" decoding=\"async\" width=\"501\" height=\"579\" src=\"https:\/\/www.liceo-melzocassano.edu.it\/magazine\/wp-content\/uploads\/2022\/04\/MwNUIwZRiTdvXrlAQSwzBcM6xzzilUTZiCtHfT2xnprcQPaJaYs6pYfibT5fFRrOhDc_M_7FdQcIyi8fNdeomWkma343fxLDH3A8dc-x1HrQiSntU0VG6Y0ccMMQI4zf47S0mpl.jpg\" alt=\"\" class=\"wp-image-528\" srcset=\"https:\/\/www.liceo-melzocassano.edu.it\/magazine\/wp-content\/uploads\/2022\/04\/MwNUIwZRiTdvXrlAQSwzBcM6xzzilUTZiCtHfT2xnprcQPaJaYs6pYfibT5fFRrOhDc_M_7FdQcIyi8fNdeomWkma343fxLDH3A8dc-x1HrQiSntU0VG6Y0ccMMQI4zf47S0mpl.jpg 501w, https:\/\/www.liceo-melzocassano.edu.it\/magazine\/wp-content\/uploads\/2022\/04\/MwNUIwZRiTdvXrlAQSwzBcM6xzzilUTZiCtHfT2xnprcQPaJaYs6pYfibT5fFRrOhDc_M_7FdQcIyi8fNdeomWkma343fxLDH3A8dc-x1HrQiSntU0VG6Y0ccMMQI4zf47S0mpl-260x300.jpg 260w\" sizes=\"auto, (max-width: 501px) 100vw, 501px\" \/><\/figure>\n<\/div>\n\n\n\n<div class=\"wp-block-column is-layout-flow wp-block-column-is-layout-flow\" style=\"flex-basis:42%\">\n<p class=\"has-large-font-size\">I posto: Ambra Sabatini<\/p>\n\n\n\n<p>Nasce a Livorno il 19 febbraio 2002, pratica attivit\u00e0 sportiva sin da piccola, prima nel pattinaggio per due anni, poi nella pallavolo per sei anni per approdare infine nell&#8217;atletica leggera come mezzofondista.&nbsp;<\/p>\n\n\n\n<p>Proprio mentre era diretta al campo, in scooter con il padre, si trova protagonista di un incidente stradale, in cui urta la gamba sinistra contro la portiera di un veicolo in controsenso; questo evento si rivela devastante per lei, si dirige quindi in ospedale e dopo ore di intervento, le viene presentata l\u2019unica soluzione possibile: l\u2019amputazione.&nbsp;<\/p>\n\n\n\n<p class=\"has-text-align-left\"><\/p>\n<\/div>\n<\/div>\n\n\n\n<p>Subito dopo l\u2019intervento, Ambra decide di rimettersi in gioco, focalizzandosi su diverse discipline sportive (come il nuoto e il ciclismo), ma nonostante ci\u00f2 il suo pensiero rimane indirizzato verso l\u2019atletica.<\/p>\n\n\n\n<p class=\"has-text-align-center\"><em>\u201cSmettere di correre era fuori discussione.<\/em> <em>Sapevo che si poteva fare, avevo gi\u00e0 visto gare di disabili\u201d<\/em>&nbsp;<\/p>\n\n\n\n<p>Durante la sua permanenza in ospedale, facendo delle ricerche, viene a conoscenza di Teresa Grandis (presidente di un\u2019associazione per sport paralimpici), una donna che la sprona a tornare a competere e nel 2020 fa il suo ingresso nella squadra paralimpica italiana dell\u2019atletica leggera; successivamente nei Giochi Paralimpici di Tokyo, non solo conquista l\u2019oro nei 100 metri ma stabilisce inoltre un record mondiale. Voleva vincere e ci \u00e8 riuscita.<\/p>\n\n\n\n<p><\/p>\n\n\n\n<div class=\"wp-block-columns alignwide is-layout-flex wp-container-core-columns-is-layout-28f84493 wp-block-columns-is-layout-flex\">\n<div class=\"wp-block-column is-vertically-aligned-center is-layout-flow wp-block-column-is-layout-flow\" style=\"flex-basis:50%\">\n<p class=\"has-large-font-size\">II posto: Martina Caironi<\/p>\n\n\n\n<p>Nasce nel 1989 ad Alzano Lombardo, in provincia di Bergamo e anche lei praticava sport sin da piccola. Un incidente in motorino, all\u2019et\u00e0 di 18 anni mentre rientrava a casa da una festa, le ha cambiato drasticamente la vita. Il fratello che era alla guida ne rimase illeso, mentre lei era in condizioni gravissime. I medici sono stati costretti ad amputarle la gamba sinistra, (motivo per cui oggi corre con una protesi fissata al moncone). Tre anni dopo l\u2019incidente inizia a praticare atletica ed \u00e8 la prima donna a scendere sotto i 15\u201d sui 100 metri:<\/p>\n<\/div>\n\n\n\n<div class=\"wp-block-column is-vertically-aligned-bottom is-layout-flow wp-block-column-is-layout-flow\" style=\"flex-basis:50%\">\n<figure class=\"wp-block-image alignfull\"><img loading=\"lazy\" decoding=\"async\" width=\"593\" height=\"443\" src=\"https:\/\/www.liceo-melzocassano.edu.it\/magazine\/wp-content\/uploads\/2022\/04\/EL6cKQcY1g9pT-F9-4MXMOovtfpKk_wTPBS91bZTijxhcGwQdHupMYKUon6j-bsR8lnwgU8iXvJVGnbtJDXPP0A_Ot2nBJgfJsOTFh7toSU8VrUvpWnt7W7xw1f9ktVeEt_EPTRB.jpg\" alt=\"\" class=\"wp-image-529\" srcset=\"https:\/\/www.liceo-melzocassano.edu.it\/magazine\/wp-content\/uploads\/2022\/04\/EL6cKQcY1g9pT-F9-4MXMOovtfpKk_wTPBS91bZTijxhcGwQdHupMYKUon6j-bsR8lnwgU8iXvJVGnbtJDXPP0A_Ot2nBJgfJsOTFh7toSU8VrUvpWnt7W7xw1f9ktVeEt_EPTRB.jpg 593w, https:\/\/www.liceo-melzocassano.edu.it\/magazine\/wp-content\/uploads\/2022\/04\/EL6cKQcY1g9pT-F9-4MXMOovtfpKk_wTPBS91bZTijxhcGwQdHupMYKUon6j-bsR8lnwgU8iXvJVGnbtJDXPP0A_Ot2nBJgfJsOTFh7toSU8VrUvpWnt7W7xw1f9ktVeEt_EPTRB-300x224.jpg 300w\" sizes=\"auto, (max-width: 593px) 100vw, 593px\" \/><\/figure>\n<\/div>\n<\/div>\n\n\n\n<p><em>\u201cPer tre anni avevo esplorato la nuova condizione di me pi\u00f9 la mia protesi.<\/em> <em>Camminavo molto, facevo nuoto\u2026 Sentivo un\u2019esigenza fortissima di muovermi e, mentre lo facevo, continuavo a scoprire movimenti ineditia\u201d.<\/em><\/p>\n\n\n\n<p>La sua carriera da atleta Paralimpica \u00e8 brillante, la bergamasca fa parte del Comitato Paralimpico delle Fiamme Gialle, \u00e8 rappresentante degli atleti nel consiglio e nella giunta nazionale del Comitato Italiano Paralimpico, \u00e8 anche speaker e ambasciatrice nelle scuole, testimonial di diversi progetti. Martina \u00e8 la prova vivente che tutto \u00e8 possibile quando si sa cosa fare della buona, come nella cattiva sorte.<\/p>\n\n\n\n<p>Martina Caironi arriva ai nastri di partenza della finale dei 100 metri classe T63 femminile delle Paralimpiadi di Tokyo con un ottimo tempo, nonch\u00e9 il record del mondo. La prestazione dell\u2019azzurra in batteria \u00e8 stata fenomenale. La velocista italiana, infatti, ha fermato il cronometro sul tempo di 14\u201d46:<\/p>\n\n\n\n<p><em>\u201cSono arrivata seconda per la prima volta in una gara importante, anzi nella gara pi\u00f9 importante. La vita va avanti e le cose cambiano, bisogna accoglierle e vederne il lato positivo. Direi che il livello di questa gara&nbsp;\u00e8 stato altissimo\u201d<\/em>.<\/p>\n\n\n\n<div class=\"wp-block-columns alignwide is-layout-flex wp-container-core-columns-is-layout-28f84493 wp-block-columns-is-layout-flex\">\n<div class=\"wp-block-column is-vertically-aligned-center is-layout-flow wp-block-column-is-layout-flow\" style=\"flex-basis:50%\">\n<div class=\"wp-block-image\"><figure class=\"aligncenter is-resized\"><img loading=\"lazy\" decoding=\"async\" src=\"https:\/\/www.liceo-melzocassano.edu.it\/magazine\/wp-content\/uploads\/2022\/04\/8lHPqRPUi_R4zf7mLYqiR1P7qVBzuNMPCfg57aHxW8UelAqf2j2rFiuZWqbeNNvaDvDc0fmoluF_A9pcWHQjij5IWdEGTnGdJ0U9maH806iVFUP3ObvmyrMkKNVmQ4vK57wWBG33-837x1024.jpg\" alt=\"\" class=\"wp-image-530\" width=\"541\" height=\"661\" srcset=\"https:\/\/www.liceo-melzocassano.edu.it\/magazine\/wp-content\/uploads\/2022\/04\/8lHPqRPUi_R4zf7mLYqiR1P7qVBzuNMPCfg57aHxW8UelAqf2j2rFiuZWqbeNNvaDvDc0fmoluF_A9pcWHQjij5IWdEGTnGdJ0U9maH806iVFUP3ObvmyrMkKNVmQ4vK57wWBG33-837x1024.jpg 837w, https:\/\/www.liceo-melzocassano.edu.it\/magazine\/wp-content\/uploads\/2022\/04\/8lHPqRPUi_R4zf7mLYqiR1P7qVBzuNMPCfg57aHxW8UelAqf2j2rFiuZWqbeNNvaDvDc0fmoluF_A9pcWHQjij5IWdEGTnGdJ0U9maH806iVFUP3ObvmyrMkKNVmQ4vK57wWBG33-245x300.jpg 245w, https:\/\/www.liceo-melzocassano.edu.it\/magazine\/wp-content\/uploads\/2022\/04\/8lHPqRPUi_R4zf7mLYqiR1P7qVBzuNMPCfg57aHxW8UelAqf2j2rFiuZWqbeNNvaDvDc0fmoluF_A9pcWHQjij5IWdEGTnGdJ0U9maH806iVFUP3ObvmyrMkKNVmQ4vK57wWBG33-768x939.jpg 768w, https:\/\/www.liceo-melzocassano.edu.it\/magazine\/wp-content\/uploads\/2022\/04\/8lHPqRPUi_R4zf7mLYqiR1P7qVBzuNMPCfg57aHxW8UelAqf2j2rFiuZWqbeNNvaDvDc0fmoluF_A9pcWHQjij5IWdEGTnGdJ0U9maH806iVFUP3ObvmyrMkKNVmQ4vK57wWBG33.jpg 865w\" sizes=\"auto, (max-width: 541px) 100vw, 541px\" \/><\/figure><\/div>\n<\/div>\n\n\n\n<div class=\"wp-block-column is-layout-flow wp-block-column-is-layout-flow\" style=\"flex-basis:50%\">\n<p class=\"has-large-font-size\">III posto: Monica Contrafatto<\/p>\n\n\n\n<p>Nasce a Gela nel 1981 \u00e8 stata la prima donna soldato dell&#8217;Esercito Italiano ad essere decorata: ha ricevuto, in cerimonia solenne, la Medaglia al valore dell&#8217;esercito per il comportamento tenuto durante un attacco subito da forze avverse, tutto questo dopo aver subito un incidente: era il 24 marzo 2012 quando Monica si trovava in Afghanistan come caporal maggiore dei bersaglieri. Quel giorno l\u2019atleta fu vittima di un\u2019esplosione generata da una bomba contro la Forward Operative Base, dove era stanziata. I tre colpi provocarono la morte del sergente e cinque feriti, di cui due gravi, tra i quali anche lei. La Contrafatto venne colpita a una gamba dalle schegge di una bomba che le provocarono diverse lesioni, fino all&#8217;amputazione della gamba destra. Da quel momento Monica ha cominciato ad allenarsi e gareggiare.<\/p>\n<\/div>\n<\/div>\n\n\n\n<p><em>\u201cL\u2019Afghanistan mi ha tolto una gamba ma regalato una nuova vita.\u201d<\/em><\/p>\n\n\n\n<p>Bloccata in ospedale, vide per la prima volta delle donne amputate correre alla Paralimpiadi. E nacque una promessa nella sua testa, una sfida con se stessa: <em>\u201cParteciper\u00f2 ai Giochi di Rio 2016\u201d.<\/em> E una persona con il suo carattere, quando si da un obiettivo, lo raggiunge.<\/p>\n\n\n\n<p>In Brasile nel 2016 porta alti i colori azzurri e conquista il bronzo nei 100 metri femminili, la sua nuova specialit\u00e0. Nel 2021, a Tokyo, a 40 anni, Monica \u00e8 sempre l\u00ec. Con la stessa grinta che l\u2019aveva accompagnata a Rio e in tutta la sua vita, tra sofferenze e gioie, cadute e risalite.<\/p>\n\n\n\n<div class=\"wp-block-columns alignwide is-layout-flex wp-container-core-columns-is-layout-28f84493 wp-block-columns-is-layout-flex\">\n<div class=\"wp-block-column is-vertically-aligned-center is-layout-flow wp-block-column-is-layout-flow\" style=\"flex-basis:50%\">\n<p>In tempi in cui migliaia di giovani sani non studiano, non lavorano, non fanno sport, e si accontentano della monotonia, migliaia di atleti disabili mostrano quanto si pu\u00f2 fare per contrastare destini spietatamente avversi. Atlete e atleti paralimpici ci mostrano quanto determinazione, impegno, costanza, autodisciplina e resilienza possano portare sulle vette del mondo, nello sport e nella vita personale. Questi ragazzi sono un grande esempio per bambini e adolescenti con disabilit\u00e0 fisiche, per le loro famiglie, e per tutti noi. <\/p>\n<\/div>\n\n\n\n<div class=\"wp-block-column is-layout-flow wp-block-column-is-layout-flow\" style=\"flex-basis:50%\">\n<div class=\"wp-block-image\"><figure class=\"aligncenter is-resized\"><img loading=\"lazy\" decoding=\"async\" src=\"https:\/\/www.liceo-melzocassano.edu.it\/magazine\/wp-content\/uploads\/2022\/04\/XHLPnAE89pitpgocaNRCPccYWz6MKu2qU2BgBnBKKObAx8dF8ewcdoW9kdMNRECe_T5VQqx-ZRjXnJqkQLREjS4cV3H_gfgSX0B56fTHnwOEUQgg9alIUz0TVrPivu2aEvQVnq7o-1024x640.jpg\" alt=\"\" class=\"wp-image-531\" width=\"495\" height=\"309\" srcset=\"https:\/\/www.liceo-melzocassano.edu.it\/magazine\/wp-content\/uploads\/2022\/04\/XHLPnAE89pitpgocaNRCPccYWz6MKu2qU2BgBnBKKObAx8dF8ewcdoW9kdMNRECe_T5VQqx-ZRjXnJqkQLREjS4cV3H_gfgSX0B56fTHnwOEUQgg9alIUz0TVrPivu2aEvQVnq7o-1024x640.jpg 1024w, https:\/\/www.liceo-melzocassano.edu.it\/magazine\/wp-content\/uploads\/2022\/04\/XHLPnAE89pitpgocaNRCPccYWz6MKu2qU2BgBnBKKObAx8dF8ewcdoW9kdMNRECe_T5VQqx-ZRjXnJqkQLREjS4cV3H_gfgSX0B56fTHnwOEUQgg9alIUz0TVrPivu2aEvQVnq7o-300x188.jpg 300w, https:\/\/www.liceo-melzocassano.edu.it\/magazine\/wp-content\/uploads\/2022\/04\/XHLPnAE89pitpgocaNRCPccYWz6MKu2qU2BgBnBKKObAx8dF8ewcdoW9kdMNRECe_T5VQqx-ZRjXnJqkQLREjS4cV3H_gfgSX0B56fTHnwOEUQgg9alIUz0TVrPivu2aEvQVnq7o-768x480.jpg 768w, https:\/\/www.liceo-melzocassano.edu.it\/magazine\/wp-content\/uploads\/2022\/04\/XHLPnAE89pitpgocaNRCPccYWz6MKu2qU2BgBnBKKObAx8dF8ewcdoW9kdMNRECe_T5VQqx-ZRjXnJqkQLREjS4cV3H_gfgSX0B56fTHnwOEUQgg9alIUz0TVrPivu2aEvQVnq7o-1536x960.jpg 1536w, https:\/\/www.liceo-melzocassano.edu.it\/magazine\/wp-content\/uploads\/2022\/04\/XHLPnAE89pitpgocaNRCPccYWz6MKu2qU2BgBnBKKObAx8dF8ewcdoW9kdMNRECe_T5VQqx-ZRjXnJqkQLREjS4cV3H_gfgSX0B56fTHnwOEUQgg9alIUz0TVrPivu2aEvQVnq7o.jpg 1600w\" sizes=\"auto, (max-width: 495px) 100vw, 495px\" \/><\/figure><\/div>\n<\/div>\n<\/div>\n\n\n\n<p>L\u2019attivit\u00e0 fisica \u00e8 antidepressiva ed emotivamente rigenerante. D\u00e0 obiettivi, anche ambiziosi. E\u2019 una realt\u00e0 dalla quale si trae un grande insegnamento, che testimonia una forza di volont\u00e0 che va oltre i propri limiti.<\/p>\n\n\n\n<p class=\"has-text-align-center\"><strong>ALLE OLIMPIADI SI CREANO EROI<\/strong>, <strong>ALLE PARAOLIMPIADI ARRIVANO EROI\u201d.<\/strong><\/p>\n","protected":false},"excerpt":{"rendered":"<p>Arriva finalmente dopo decenni la tripletta storica per l&#8217;Italia nei 100 metri femminili (categoria T63 ai Giochi Paralimpici di Tokyo<\/p>\n","protected":false},"author":1,"featured_media":526,"comment_status":"open","ping_status":"open","sticky":false,"template":"","format":"standard","meta":{"colormag_page_container_layout":"default_layout","colormag_page_sidebar_layout":"default_layout","footnotes":""},"categories":[10],"tags":[],"class_list":["post-525","post","type-post","status-publish","format-standard","has-post-thumbnail","hentry","category-gb-sport"],"_links":{"self":[{"href":"https:\/\/www.liceo-melzocassano.edu.it\/magazine\/index.php\/wp-json\/wp\/v2\/posts\/525","targetHints":{"allow":["GET"]}}],"collection":[{"href":"https:\/\/www.liceo-melzocassano.edu.it\/magazine\/index.php\/wp-json\/wp\/v2\/posts"}],"about":[{"href":"https:\/\/www.liceo-melzocassano.edu.it\/magazine\/index.php\/wp-json\/wp\/v2\/types\/post"}],"author":[{"embeddable":true,"href":"https:\/\/www.liceo-melzocassano.edu.it\/magazine\/index.php\/wp-json\/wp\/v2\/users\/1"}],"replies":[{"embeddable":true,"href":"https:\/\/www.liceo-melzocassano.edu.it\/magazine\/index.php\/wp-json\/wp\/v2\/comments?post=525"}],"version-history":[{"count":27,"href":"https:\/\/www.liceo-melzocassano.edu.it\/magazine\/index.php\/wp-json\/wp\/v2\/posts\/525\/revisions"}],"predecessor-version":[{"id":581,"href":"https:\/\/www.liceo-melzocassano.edu.it\/magazine\/index.php\/wp-json\/wp\/v2\/posts\/525\/revisions\/581"}],"wp:featuredmedia":[{"embeddable":true,"href":"https:\/\/www.liceo-melzocassano.edu.it\/magazine\/index.php\/wp-json\/wp\/v2\/media\/526"}],"wp:attachment":[{"href":"https:\/\/www.liceo-melzocassano.edu.it\/magazine\/index.php\/wp-json\/wp\/v2\/media?parent=525"}],"wp:term":[{"taxonomy":"category","embeddable":true,"href":"https:\/\/www.liceo-melzocassano.edu.it\/magazine\/index.php\/wp-json\/wp\/v2\/categories?post=525"},{"taxonomy":"post_tag","embeddable":true,"href":"https:\/\/www.liceo-melzocassano.edu.it\/magazine\/index.php\/wp-json\/wp\/v2\/tags?post=525"}],"curies":[{"name":"wp","href":"https:\/\/api.w.org\/{rel}","templated":true}]}}