{"id":651,"date":"2022-06-09T19:31:32","date_gmt":"2022-06-09T19:31:32","guid":{"rendered":"https:\/\/www.liceo-melzocassano.edu.it\/magazine\/?p=651"},"modified":"2022-06-09T19:31:32","modified_gmt":"2022-06-09T19:31:32","slug":"15-marzo-giornata-nazionale-contro-i-dca-disturbi-del-comportamento-alimentare","status":"publish","type":"post","link":"https:\/\/www.liceo-melzocassano.edu.it\/magazine\/index.php\/2022\/06\/09\/15-marzo-giornata-nazionale-contro-i-dca-disturbi-del-comportamento-alimentare\/","title":{"rendered":"15 MARZO: GIORNATA NAZIONALE CONTRO I DCA (Disturbi del Comportamento Alimentare)"},"content":{"rendered":"\n<div class=\"wp-block-media-text alignwide has-media-on-the-right is-stacked-on-mobile\"><figure class=\"wp-block-media-text__media\"><img loading=\"lazy\" decoding=\"async\" width=\"273\" height=\"184\" src=\"https:\/\/www.liceo-melzocassano.edu.it\/magazine\/wp-content\/uploads\/2022\/06\/2kebQum40H1y6mPQRDzVgLvyP19B2kkZ0pmpfCHQGQG_reabioYqhygcM_V5ZqLI7NG1hookduk6GQE1IpF39CcUExaOEbSe6Blee6duQN5BMWsfof2fiUVOys9MK2HEx3reOal8lw7uCqsC5A.png\" alt=\"\" class=\"wp-image-652 size-full\" \/><\/figure><div class=\"wp-block-media-text__content\">\n<p>Il 15 marzo si celebra la Giornata del Fiocchetto Lilla, dedicata ai disturbi dell&#8217;alimentazione e della nutrizione. <\/p>\n\n\n\n<p>Questi disturbi di origine psicologica consistono in disfunzioni del comportamento alimentare che portano ad un danneggiamento della salute fisica. <\/p>\n\n\n\n<p>Numerose statistiche ci rivelano che a seguito del lockdown ci sia stato un boom di casi. <\/p>\n<\/div><\/div>\n\n\n\n<p>Quali sono per\u00f2 i segni e le caratteristiche dei diversi disturbi che ci potrebbero permettere di comprendere e aiutare sia noi stessi e sia coloro che ci circondano? Generalmente, tra i diversi disturbi esistenti, i pi\u00f9 discussi sono l&#8217;anoressia, la bulimia, il binge-eating disorder (BED) e l&#8217;obesit\u00e0. Ci\u00f2 \u00e8 dato probabilmente dagli effetti concreti ed evidenti che hanno questi particolari disturbi sul nostro corpo, diversamente da altri che invece, essendo su un piano psicologico, sono pi\u00f9 facili da nascondere. <\/p>\n\n\n\n<p><strong>Anoressia<\/strong><br>La caratteristica di questo disturbo \u00e8 il rifiuto del cibo a causa del terrore di ingrassare e alla necessit\u00e0 di controllare la propria alimentazione ricercando la magrezza attraverso diete ferree, digiuni e\/o attivit\u00e0 fisica eccessiva o attraverso l&#8217;alternarsi di abbuffate e condotte di eliminazione. <\/p>\n\n\n\n<p>L&#8217;anoressia pu\u00f2 portare perfino alla malnutrizione con effetti negativi per il corpo della persona: amenorrea (assenza di mestruazioni), stipsi (stitichezza), dolori addominali, intolleranza al freddo, mancanza di energia, marcata ipotensione, letargia o eccesso di energia, ipotermia, secchezza della cute, languo (peluria fine e corta) sul petto, bradicardia (battiti cardiaci lenti e irregolari). <\/p>\n\n\n\n<p><\/p>\n\n\n\n<div class=\"wp-block-media-text alignwide has-media-on-the-right is-stacked-on-mobile\"><figure class=\"wp-block-media-text__media\"><img loading=\"lazy\" decoding=\"async\" width=\"275\" height=\"183\" src=\"https:\/\/www.liceo-melzocassano.edu.it\/magazine\/wp-content\/uploads\/2022\/06\/0PGw61DNvzraxaRoItQTQ2jaEOjhQSO8UKyASmFhy6ewKbj6Uz-ZcaHjTLCBO14Oj0Cvf67sdPhGi6f_Oi2Cei6hKMuPLANU0p4KTcUfUU488yH0ZdhPIsbVgugiqWH7ULREaUjSkgPzrmE6OQ.png\" alt=\"\" class=\"wp-image-653 size-full\" \/><\/figure><div class=\"wp-block-media-text__content\">\n<p><strong>Bulimia nervosa<\/strong><br>La bulimia nervosa \u00e8 caratterizzata da vari fattori, tra cui abbuffate che si verificano almeno una volta alla settimana per tre mesi, accompagnate dalla sensazione di perdere il controllo sull&#8217;atto del mangiare e seguite da condotte per evitare l&#8217;aumento del peso (come il vomito autoindotto). L&#8217;utilizzo frequente a condotte di eliminazione pu\u00f2 portare ad alterazioni dell&#8217;equilibrio corporeo: ipopotassiemia (diminuzione del livello di potassio nel sangue), iponatriemia (abbassamento dei livelli di sodio nel sangue), ipocloremia (diminuzione del livello di cloro nel sangue), alcalosi metabolica (aumento del pH dei tessuti corporei come sangue e urina). <\/p>\n<\/div><\/div>\n\n\n\n<p><strong>Binge-eating disorder (BED)<\/strong><br>I criteri diagnostici per il BED son frequenti abbuffate, che avvengono due volte alla settimana per almeno sei mesi, in cui la persona mangia grandi quantit\u00e0 di cibo pi\u00f9 rapidamente del normale, anche in assenza di fame e appetito e fino a sentirsi spiacevolmente pieni, senza il servirsi di metodi di compenso. Al contrario di ci\u00f2 che avviene nella bulimia nervosa, l&#8217;abbuffata potrebbe essere usata come un modo per fuggire o per bloccare pensieri e\/o emozioni.<\/p>\n\n\n\n<p>Questo disturbo, oltre ad avere conseguenze dal punto di vista psicologico, porta problematiche fisiche legate ai muscoli dello scheletro, diabete, ipertensione, problemi ormonali, disfunzioni sessuali e problemi cardio-respiratori. <\/p>\n\n\n\n<p><strong>Obesit\u00e0<\/strong><br>L&#8217;obesit\u00e0 \u00e8 definita come l&#8217;eccessivo accumulo di grasso nel corpo in relazione con la massa magra. Esistono vari modi per calcolarlo, ma il pi\u00f9 rappresentativo \u00e8 il BMI (body mass index) che si calcola: BMI = peso (in kg) \/ h^2 (in m)<\/p>\n\n\n\n<p>Per gli adulti: <br>&#8211; 16.5: sottopeso severo<br>&#8211; 16.5-18.4: sottopeso<br>&#8211; 18.5-24.9: normopeso<br>&#8211; 25-30: sovrappeso<br>&#8211; 30.1-34.9: obesit\u00e0 di primo grado<br>&#8211; 35-40: obesit\u00e0 di secondo grado<br>&#8211; 40: obesit\u00e0 di terzo grado<br><\/p>\n\n\n\n<p>L&#8217;obesit\u00e0 aumenta la possibilit\u00e0 di sviluppare precocemente diabete di tipo 2, ipercolesterolemia (alti livelli di colesterolo) o problematiche cardiovascolari, come ipertensioni, malattie coronariche (restringimento di arterie coronariche causa del grasso), e tendenze all&#8217;infarto.<\/p>\n\n\n\n<p><\/p>\n\n\n\n<div class=\"wp-block-columns alignwide is-layout-flex wp-container-core-columns-is-layout-28f84493 wp-block-columns-is-layout-flex\">\n<div class=\"wp-block-column is-vertically-aligned-bottom is-layout-flow wp-block-column-is-layout-flow\" style=\"flex-basis:50%\">\n<p>Quali sono per\u00f2 le cause che portano a manifestare un disturbo alimentare? E soprattutto perch\u00e9 le percentuali maggiori si rivelano nella fascia adolescenziale?<\/p>\n\n\n\n<p>Innanzitutto si potrebbe attribuire una prima colpa alla storia familiare e infanzia di una determinata persona. Il disturbo alimentare diventerebbe in quel caso una forma di autolesionismo causato da altri fattori determinanti, e non solo l&#8217;aspetto fisico. <\/p>\n<\/div>\n\n\n\n<div class=\"wp-block-column is-layout-flow wp-block-column-is-layout-flow\" style=\"flex-basis:50%\">\n<figure class=\"wp-block-image is-resized\"><img loading=\"lazy\" decoding=\"async\" src=\"https:\/\/www.liceo-melzocassano.edu.it\/magazine\/wp-content\/uploads\/2022\/06\/FW2UG_ifiUtXvGyzsxk1azE9MLqJIy2NxBoiNyOSJ08CiHJhqErxLQ8kFnGp8ELYul82Av0Owp2vP8tuv1dkrkyh5Fq50DYHXhZ-OUnGox1g261zk_h0k3P3MHwd6RbLaiEN8RbzDY9MJx9-4Q.jpg\" alt=\"\" class=\"wp-image-654\" width=\"407\" height=\"280\" srcset=\"https:\/\/www.liceo-melzocassano.edu.it\/magazine\/wp-content\/uploads\/2022\/06\/FW2UG_ifiUtXvGyzsxk1azE9MLqJIy2NxBoiNyOSJ08CiHJhqErxLQ8kFnGp8ELYul82Av0Owp2vP8tuv1dkrkyh5Fq50DYHXhZ-OUnGox1g261zk_h0k3P3MHwd6RbLaiEN8RbzDY9MJx9-4Q.jpg 270w, https:\/\/www.liceo-melzocassano.edu.it\/magazine\/wp-content\/uploads\/2022\/06\/FW2UG_ifiUtXvGyzsxk1azE9MLqJIy2NxBoiNyOSJ08CiHJhqErxLQ8kFnGp8ELYul82Av0Owp2vP8tuv1dkrkyh5Fq50DYHXhZ-OUnGox1g261zk_h0k3P3MHwd6RbLaiEN8RbzDY9MJx9-4Q-130x90.jpg 130w\" sizes=\"auto, (max-width: 407px) 100vw, 407px\" \/><\/figure>\n<\/div>\n<\/div>\n\n\n\n<p>Tra gli adolescenti possiamo poi riconoscere che anche i mass-media hanno un impatto non indifferente. Essi ci propongono infatti un modello ideale di felicit\u00e0 strettamente legato alla magrezza, che punta quindi alla &#8220;perfezione&#8221; mentale e fisica. Il raggiungimento di questo obiettivo, \u00e8 per\u00f2 spesso rappresentato in un modo negativo con metodi evidentemente poco salutari.<\/p>\n\n\n\n<p>Una soluzione sarebbe dunque del semplice amore per se stessi, che ci permette di renderci conto del male che ci stiamo facendo. Molto spesso per\u00f2 ci\u00f2 potrebbe non bastare, e in quel caso l&#8217;intervento di amici, o anche un esperto come uno psicologo, potrebbero aiutare a superare questo ostacolo. <\/p>\n\n\n\n<p>Dunque ricordate: se avete bisogno di aiuto, chiedetelo; se c&#8217;\u00e8 bisogno di aiuto, datelo. La battaglia contro i disturbi alimentari non la si deve fare da soli!<\/p>\n\n\n\n<p><em>Marianna e Omaima<\/em><\/p>\n","protected":false},"excerpt":{"rendered":"<p>Il 15 marzo si celebra la Giornata del Fiocchetto Lilla, dedicata ai disturbi dell&#8217;alimentazione e della nutrizione. Questi disturbi di<\/p>\n","protected":false},"author":1,"featured_media":0,"comment_status":"open","ping_status":"open","sticky":false,"template":"","format":"standard","meta":{"colormag_page_container_layout":"default_layout","colormag_page_sidebar_layout":"default_layout","footnotes":""},"categories":[21,20],"tags":[],"class_list":["post-651","post","type-post","status-publish","format-standard","hentry","category-gb-salute","category-gb-sociale"],"_links":{"self":[{"href":"https:\/\/www.liceo-melzocassano.edu.it\/magazine\/index.php\/wp-json\/wp\/v2\/posts\/651","targetHints":{"allow":["GET"]}}],"collection":[{"href":"https:\/\/www.liceo-melzocassano.edu.it\/magazine\/index.php\/wp-json\/wp\/v2\/posts"}],"about":[{"href":"https:\/\/www.liceo-melzocassano.edu.it\/magazine\/index.php\/wp-json\/wp\/v2\/types\/post"}],"author":[{"embeddable":true,"href":"https:\/\/www.liceo-melzocassano.edu.it\/magazine\/index.php\/wp-json\/wp\/v2\/users\/1"}],"replies":[{"embeddable":true,"href":"https:\/\/www.liceo-melzocassano.edu.it\/magazine\/index.php\/wp-json\/wp\/v2\/comments?post=651"}],"version-history":[{"count":4,"href":"https:\/\/www.liceo-melzocassano.edu.it\/magazine\/index.php\/wp-json\/wp\/v2\/posts\/651\/revisions"}],"predecessor-version":[{"id":697,"href":"https:\/\/www.liceo-melzocassano.edu.it\/magazine\/index.php\/wp-json\/wp\/v2\/posts\/651\/revisions\/697"}],"wp:attachment":[{"href":"https:\/\/www.liceo-melzocassano.edu.it\/magazine\/index.php\/wp-json\/wp\/v2\/media?parent=651"}],"wp:term":[{"taxonomy":"category","embeddable":true,"href":"https:\/\/www.liceo-melzocassano.edu.it\/magazine\/index.php\/wp-json\/wp\/v2\/categories?post=651"},{"taxonomy":"post_tag","embeddable":true,"href":"https:\/\/www.liceo-melzocassano.edu.it\/magazine\/index.php\/wp-json\/wp\/v2\/tags?post=651"}],"curies":[{"name":"wp","href":"https:\/\/api.w.org\/{rel}","templated":true}]}}