{"id":711,"date":"2023-01-09T08:40:05","date_gmt":"2023-01-09T08:40:05","guid":{"rendered":"https:\/\/www.liceo-melzocassano.edu.it\/magazine\/?p=711"},"modified":"2023-01-09T08:40:06","modified_gmt":"2023-01-09T08:40:06","slug":"il-ruolo-del-rappresentante-di-classe-un-grande-senso-di-responsabilita-collettiva-ma-a-quale-prezzo","status":"publish","type":"post","link":"https:\/\/www.liceo-melzocassano.edu.it\/magazine\/index.php\/2023\/01\/09\/il-ruolo-del-rappresentante-di-classe-un-grande-senso-di-responsabilita-collettiva-ma-a-quale-prezzo\/","title":{"rendered":"IL RUOLO DEL RAPPRESENTANTE DI CLASSE: un grande senso di responsabilit\u00e0 collettiva. Ma a quale prezzo?"},"content":{"rendered":"\n<p>Il rappresentante di classe \u00e8 una figura introdotta dalla legge nel lontano 1974 e consente agli studenti di avere un rapporto paritario nelle relazioni all&#8217;interno del Consiglio di Classe. Ma ricoprire questo ruolo spesso risulta complicato. Abbiamo raccolto commenti e opinioni da parte di coloro che sono stati eletti come rappresentanti di classe e da coloro che gi\u00e0 hanno svolto questo ruolo in passato, chiedendo la loro esperienza e le loro difficolt\u00e0 nello svolgimenti delle loro mansioni. Inaspettatamente abbiamo avuto risposte simili sia dai rappresentanti appena eletti sia da chi lo \u00e8 stato per pi\u00f9 di un anno. <\/p>\n\n\n\n<div class=\"wp-block-media-text alignwide has-media-on-the-right is-stacked-on-mobile\"><div class=\"wp-block-media-text__content\">\n<p><strong>Ecco le nostre riflessioni sui risultati raccolti.<\/strong><\/p>\n\n\n\n<p>Ci\u00f2 che \u00e8 saltato subito all&#8217;occhio \u00e8 la grande responsabilit\u00e0 di dover cercare di soddisfare le aspettative e le richieste di studenti e professori e creare un ambiente pi\u00f9 collaborativo possibile. Tuttavia, questo stare nel limbo causa delle difficolt\u00e0 nei rapporti sia con i professori che con i compagni: molti degli intervistati sostengono di sentirsi bersaglio delle critiche dei professori nei confronti della classe e si sentono pi\u00f9 esposti degli altri; la difficolt\u00e0 di rappresentare una classe intera sta nel prendere decisioni seguendo il volere della maggioranza, spesso mettendo da parte le proprie idee per il bene comune. \u00c8 anche emersa la sensazione che le proprie parole rimangono come sospese e che non venga dato loro il giusto peso.<\/p>\n<\/div><figure class=\"wp-block-media-text__media\"><img loading=\"lazy\" decoding=\"async\" width=\"562\" height=\"556\" src=\"https:\/\/www.liceo-melzocassano.edu.it\/magazine\/wp-content\/uploads\/2023\/01\/Screenshot-2023-01-02-alle-18.07.12.png\" alt=\"\" class=\"wp-image-712 size-full\" srcset=\"https:\/\/www.liceo-melzocassano.edu.it\/magazine\/wp-content\/uploads\/2023\/01\/Screenshot-2023-01-02-alle-18.07.12.png 562w, https:\/\/www.liceo-melzocassano.edu.it\/magazine\/wp-content\/uploads\/2023\/01\/Screenshot-2023-01-02-alle-18.07.12-300x297.png 300w\" sizes=\"auto, (max-width: 562px) 100vw, 562px\" \/><\/figure><\/div>\n\n\n\n<p>Gli intervistati hanno anche sottolineato quanto sia impegnativo gestire il proprio tempo e restare al passo con l&#8217;ambiente circostante quando si \u00e8 rappresentanti. Qualcuno ha affermato: &#8220;\u00e8 faticoso conciliare tutto&#8221;. <\/p>\n\n\n\n<p>Ma essere rappresentanti non vuol dire soltanto questo, vuol dire anche ricoprire un ruolo che ti offre la possibilit\u00e0 di avere un corridoio di parole sia con i professori che con gli studenti della propria e delle altre classi, riuscendo, come dettoci da alcuni ragazzi, &#8220;ad essere pi\u00f9 influenti su di loro&#8221; e sfruttando la propria capacit\u00e0 organizzativa. La responsabilit\u00e0 e l&#8217;essere il punto di riferimento della classe fanno sentire utili, appagati e gratificati molti rappresentanti. <\/p>\n\n\n\n<p>Con questo articolo abbiamo cercato di far emergere quali sono le titubanze, le incertezze e le difficolt\u00e0 di interagire tra le componenti studenti e docenti in un contesto che spesso rende difficile la comunicazione delle idee dei rappresentanti delle varie classi sul ruolo che svolgono, sperando di aver offerto loro un mezzo per farsi sentire. <\/p>\n\n\n\n<p><em>Marianna, Rola 3A<\/em><\/p>\n","protected":false},"excerpt":{"rendered":"<p>Il rappresentante di classe \u00e8 una figura introdotta dalla legge nel lontano 1974 e consente agli studenti di avere un<\/p>\n","protected":false},"author":1,"featured_media":0,"comment_status":"open","ping_status":"open","sticky":false,"template":"","format":"standard","meta":{"colormag_page_container_layout":"default_layout","colormag_page_sidebar_layout":"default_layout","footnotes":""},"categories":[20],"tags":[],"class_list":["post-711","post","type-post","status-publish","format-standard","hentry","category-gb-sociale"],"_links":{"self":[{"href":"https:\/\/www.liceo-melzocassano.edu.it\/magazine\/index.php\/wp-json\/wp\/v2\/posts\/711","targetHints":{"allow":["GET"]}}],"collection":[{"href":"https:\/\/www.liceo-melzocassano.edu.it\/magazine\/index.php\/wp-json\/wp\/v2\/posts"}],"about":[{"href":"https:\/\/www.liceo-melzocassano.edu.it\/magazine\/index.php\/wp-json\/wp\/v2\/types\/post"}],"author":[{"embeddable":true,"href":"https:\/\/www.liceo-melzocassano.edu.it\/magazine\/index.php\/wp-json\/wp\/v2\/users\/1"}],"replies":[{"embeddable":true,"href":"https:\/\/www.liceo-melzocassano.edu.it\/magazine\/index.php\/wp-json\/wp\/v2\/comments?post=711"}],"version-history":[{"count":2,"href":"https:\/\/www.liceo-melzocassano.edu.it\/magazine\/index.php\/wp-json\/wp\/v2\/posts\/711\/revisions"}],"predecessor-version":[{"id":714,"href":"https:\/\/www.liceo-melzocassano.edu.it\/magazine\/index.php\/wp-json\/wp\/v2\/posts\/711\/revisions\/714"}],"wp:attachment":[{"href":"https:\/\/www.liceo-melzocassano.edu.it\/magazine\/index.php\/wp-json\/wp\/v2\/media?parent=711"}],"wp:term":[{"taxonomy":"category","embeddable":true,"href":"https:\/\/www.liceo-melzocassano.edu.it\/magazine\/index.php\/wp-json\/wp\/v2\/categories?post=711"},{"taxonomy":"post_tag","embeddable":true,"href":"https:\/\/www.liceo-melzocassano.edu.it\/magazine\/index.php\/wp-json\/wp\/v2\/tags?post=711"}],"curies":[{"name":"wp","href":"https:\/\/api.w.org\/{rel}","templated":true}]}}