{"id":806,"date":"2023-03-10T17:46:58","date_gmt":"2023-03-10T17:46:58","guid":{"rendered":"https:\/\/www.liceo-melzocassano.edu.it\/magazine\/?p=806"},"modified":"2023-03-10T17:52:37","modified_gmt":"2023-03-10T17:52:37","slug":"i-mondiali-in-qatar","status":"publish","type":"post","link":"https:\/\/www.liceo-melzocassano.edu.it\/magazine\/index.php\/2023\/03\/10\/i-mondiali-in-qatar\/","title":{"rendered":"I mondiali in Qatar"},"content":{"rendered":"\n<h2 class=\"wp-block-heading\">la prima volta in inverno e in un Paese arabo<\/h2>\n\n\n\n<p>Domenica 18 dicembre &#8211; con la finale tra Argentina e Francia &#8211; si \u00e8 concluso il campionato mondiale in Qatar che ha visto vincitrice la nazionale di Messi, scatenando un senso di rivalsa del popolo argentino che non si percepiva da diversi anni.<\/p>\n\n\n\n<p>&nbsp;l\u2019Argentina sta subendo un periodo di regressione economica e questo causa un\u2019ondata di ingiustizia sociale che colpisce il ceto medio e basso; con la vittoria del mondiale, la popolazione argentina si pu\u00f2 risollevare da questo contesto.&nbsp;<\/p>\n\n\n\n<p><em>Che senso ha un mondiale in uno Stato senza diritti umani?<\/em><\/p>\n\n\n\n<p>Se questa vittoria ha entusiasmato i tifosi argentini, lo stesso non si pu\u00f2 dire della rappresentanza politica di svariati Stati, europei; proprio nel 2010, quando la FIFA elesse lo stato ospitante dei campionati del mondo di calcio del 2022, molti rappresentanti delle istituzioni diplomatiche furono rimasti perplessi, cos\u00ec come i tifosi: che senso aveva far ospitare un mondiale in uno Stato dove i diritti umani non venivano rispettati? E cosa dire dei 6570 presunti morti durante le fasi di costruzione degli impianti sportivi?<\/p>\n\n\n\n<p>Oltre alle condizioni indegne che hanno accompagnato la preparazione a questo evento sportivo, sono molti gli avvenimenti che sono succeduti nei giorni successivi che hanno coinvolto gran parte dei rappresentanti politici.&nbsp;<\/p>\n\n\n\n<p>Le contraddizioni della FIFA<\/p>\n\n\n\n<p>L\u2019incoerenza organizzativa dei mondiali \u00e8 risultata chiara gi\u00e0 dalla prima conferenza stampa di Gianni Infantino, presidente della FIFA, che, oltre a vietare ai giocatori l\u2019esibizione della fascia arcobaleno (segno di vicinanza alla comunit\u00e0 LGBTQ+), si&nbsp;<\/p>\n\n\n\n<p>\u00e8 espresso anche sull\u2019ipocrisia dell\u2019Occidente sul tema dei diritti umani, facendo intendere che le condizioni di vita in Qatar siano pressoch\u00e9 identiche a quelle della maggioranza degli Stati europei.<\/p>\n\n\n\n<p><em>I diritti umani non sono negoziabili<\/em><\/p>\n\n\n\n<p>Nonostante queste prese di posizione molto nette, nel debutto mondiale della Germania, l\u2019ex cancelliera Angela Merkel, in tribuna d\u2019onore, ha indossato la fascia arcobaleno vietata dalla FIFA e lo stesso ha fatto il capitano Neuer; nella stessa partita, tutti i giocatori tedeschi si sono fatti fotografare con la bocca tappata in segno di protesta contro quell\u2019organizzazione che dava segnali quasi dispotici. Anche la federazione calcistica tedesca ha sostenuto la posizione della sua nazionale pubblicando, subito dopo lo scatto, il tweet <em>\u201c<\/em><em>I diritti umani non sono negoziabili. Questo dovrebbe essere dato per scontato, ma non \u00e8 ancora cos\u00ec. Ecco perch\u00e9 questo messaggio \u00e8 cos\u00ec importante per noi. Negarci la fascia equivale a negarci una voce. Manteniamo la nostra posizione\u201d<\/em>.&nbsp;<\/p>\n\n\n\n<p>Un altro caso che ha fatto discutere molto \u00e8 la cosiddetta \u201cquestione iraniana\u201d: questa \u00e8 cominciata il 16 settembre 2022 a Teheran a seguito dell\u2019uccisione di Mahsa Amini delle forze armate iraniane, dovuta alla sua disobbedienza verso la legge del velo; in seguito, il popolo iraniano ha dato via a rivolte su vasta scala nella capitale e nelle citt\u00e0 pi\u00f9 importanti, scontrandosi pesantemente contro le forze armate. Nella prima partita giocata dalla nazionale iraniana contro l\u2019Inghilterra, i giocatori si sono rifiutati di cantare l\u2019inno nazionale imposto dal regime e per tutta l\u2019esecuzione i fischi dei tifosi iraniani sono esplosi, concludendo cos\u00ec che l\u2019azione del regime era nota a tutti i cittadini anche quelli che pi\u00f9 dovrebbero appoggiare il regime; non \u00e8 la prima volta, infatti, che un regime utilizzi la scena sportiva al fine propagandistico; dobbiamo ricordarci dell\u2019Unione Sovietica o della Germania nazista o anche degli Stati Uniti.<\/p>\n\n\n\n<p>Un fatto da non sottovalutare poi \u00e8 quello accaduto nella partita tra la Serbia e il Brasile, quando, dopo una prestazione disastrosa della nazionale serba, negli spogliatoi \u00e8 stata fotografata una bandiera kosovara ritoccata con la scritta: \u201c<em>nema predaje\u201d, <\/em>cio\u00e8 \u201c<em>nessuna resa\u201d. <\/em>Si rimette cos\u00ec in dubbio se la questione serba-kosovara \u00e8 veramente conclusa; la cosa sicuramente certa \u00e8 che questi mondiali hanno alimentato alcuni dissapori politici tra diversi Stati, invece che risanarli.&nbsp;<\/p>\n\n\n\n<p>&nbsp;<em>lo sport non dovrebbe essere uno strumento per soddisfare i bisogni politici<\/em><\/p>\n\n\n\n<p>In conclusione potrei affermare che con questo ho potuto comprendere l\u2019importanza dello sport, soprattutto quando dispone di ampia visibilit\u00e0, come in occasione delle Olimpiadi o di altri eventi internazionali. Ho visto la stretta interazione tra sport e politica, e penso che lo sport non dovrebbe essere uno strumento per soddisfare i bisogni politici: lo sport \u00e8 unione, non dovrebbe creare controversie; lo sport \u00e8 divertimento, non dovrebbe fomentare rivalit\u00e0; lo sport \u00e8 vita, non dovrebbe diventare strumento di morte.&nbsp;<\/p>\n\n\n\n<p>lo sport dovrebbe avvicinare tra loro i popoli, accettando il confronto tra differenti culture, religioni, condizioni di vita, condizioni sociali, ma questo mondiale ha spesso ottenuto l\u2019effetto opposto. Una cosa l\u2019ho capita: lo sport \u00e8 anche politica.&nbsp;<\/p>\n\n\n\n<p><em>Pedron Damiano<\/em><\/p>\n\n\n\n<figure class=\"wp-block-image\"><img decoding=\"async\" src=\"https:\/\/lh5.googleusercontent.com\/mmy_hiSOjx3fghzEQdjtsHJ1Fd6O5S0uhHBS2Jz_mdKGCrTZdAH79-yIYB2lqy4tffQBV5YGGFMb0J6C2KO9GFOpb9cjhtYNeoZ9b9I4QX9a1n_lutPnZg_5kW77Bm9l6Gmq_fkRH8VLEI1943d53A\" alt=\"\" \/><\/figure>\n\n\n\n<p>(La maggioranza di lavoratori che muoiono e si trovano all&#8217;interno del sistema Kafala non erano stati tutelati. La maggior parte sono incidenti a grandi altezze.)\u00a0<\/p>\n","protected":false},"excerpt":{"rendered":"<p>la prima volta in inverno e in un Paese arabo Domenica 18 dicembre &#8211; con la finale tra Argentina e<\/p>\n","protected":false},"author":21,"featured_media":810,"comment_status":"open","ping_status":"open","sticky":false,"template":"","format":"standard","meta":{"colormag_page_container_layout":"default_layout","colormag_page_sidebar_layout":"default_layout","footnotes":""},"categories":[10],"tags":[],"class_list":["post-806","post","type-post","status-publish","format-standard","has-post-thumbnail","hentry","category-gb-sport"],"_links":{"self":[{"href":"https:\/\/www.liceo-melzocassano.edu.it\/magazine\/index.php\/wp-json\/wp\/v2\/posts\/806","targetHints":{"allow":["GET"]}}],"collection":[{"href":"https:\/\/www.liceo-melzocassano.edu.it\/magazine\/index.php\/wp-json\/wp\/v2\/posts"}],"about":[{"href":"https:\/\/www.liceo-melzocassano.edu.it\/magazine\/index.php\/wp-json\/wp\/v2\/types\/post"}],"author":[{"embeddable":true,"href":"https:\/\/www.liceo-melzocassano.edu.it\/magazine\/index.php\/wp-json\/wp\/v2\/users\/21"}],"replies":[{"embeddable":true,"href":"https:\/\/www.liceo-melzocassano.edu.it\/magazine\/index.php\/wp-json\/wp\/v2\/comments?post=806"}],"version-history":[{"count":2,"href":"https:\/\/www.liceo-melzocassano.edu.it\/magazine\/index.php\/wp-json\/wp\/v2\/posts\/806\/revisions"}],"predecessor-version":[{"id":811,"href":"https:\/\/www.liceo-melzocassano.edu.it\/magazine\/index.php\/wp-json\/wp\/v2\/posts\/806\/revisions\/811"}],"wp:featuredmedia":[{"embeddable":true,"href":"https:\/\/www.liceo-melzocassano.edu.it\/magazine\/index.php\/wp-json\/wp\/v2\/media\/810"}],"wp:attachment":[{"href":"https:\/\/www.liceo-melzocassano.edu.it\/magazine\/index.php\/wp-json\/wp\/v2\/media?parent=806"}],"wp:term":[{"taxonomy":"category","embeddable":true,"href":"https:\/\/www.liceo-melzocassano.edu.it\/magazine\/index.php\/wp-json\/wp\/v2\/categories?post=806"},{"taxonomy":"post_tag","embeddable":true,"href":"https:\/\/www.liceo-melzocassano.edu.it\/magazine\/index.php\/wp-json\/wp\/v2\/tags?post=806"}],"curies":[{"name":"wp","href":"https:\/\/api.w.org\/{rel}","templated":true}]}}