{"id":820,"date":"2023-03-10T18:15:45","date_gmt":"2023-03-10T18:15:45","guid":{"rendered":"https:\/\/www.liceo-melzocassano.edu.it\/magazine\/?p=820"},"modified":"2023-03-10T18:15:45","modified_gmt":"2023-03-10T18:15:45","slug":"ben-essere-a-scuola","status":"publish","type":"post","link":"https:\/\/www.liceo-melzocassano.edu.it\/magazine\/index.php\/2023\/03\/10\/ben-essere-a-scuola\/","title":{"rendered":"BEN-ESSERE A SCUOLA"},"content":{"rendered":"\n<p>Durante la settimana dei recuperi si sono susseguite diverse conferenze per approfondire vari temi come la difesa del pianeta, la donna nella storia, il terrorismo degli anni di piombo, la LGBTQUIA+. Noi delle seconde abbiamo partecipato alla riunione sul benessere a scuola, ed \u00e8 emerso che per sentirsi bene bisogna saper comunicare in modo efficace. La comunicazione \u00e8 infatti la chiave di tutto e pu\u00f2 essere espressa sotto forma di dialogo, con la scrittura, o attraverso un atteggiamento rispettoso verso l&#8217;altra persona.&nbsp;<\/p>\n\n\n\n<p>Molto spesso per\u00f2, noi studenti abbiamo paura di parlare o di andare contro ad un professore, specialmente se quest&#8217;ultimo \u00e8 severo, o non \u00e8 il nostro preferito; proprio per questo \u00e8 utile farsi coraggio e comunicare in gruppo.<\/p>\n\n\n\n<p>Durante la conferenza siamo stati divisi in due gruppi per partecipare a due laboratori differenti: il primo si basava sulla comunicazione delle emozioni solamente attraverso la parola &#8220;ciao&#8221; e senza gesticolare, successivamente abbiamo sperimentato vari modi per declinare un&#8217;offerta in modo gentile.<\/p>\n\n\n\n<p>Nel secondo laboratorio ci siamo lasciati andare scrivendo su un omino di carta tutto ci\u00f2 che proviamo ogni giorno mentre ci troviamo a scuola e ci\u00f2 che ci piacerebbe ricevere da questo ambiente. Abbiamo poi riposto i nostri fogli su delle immagini che sintetizzavano le nostre emozioni e in seguito abbiamo creato un testo poetico che infine abbiamo rappresentato con una scultura umana.&nbsp;<\/p>\n\n\n\n<figure class=\"wp-block-image is-resized\"><img loading=\"lazy\" decoding=\"async\" src=\"https:\/\/lh5.googleusercontent.com\/pnVxTXhsWuw_Rg1R9y8m5Xw1fdqxyB_DFPhoqEsBOh1TIN1qIWQVAc9QhYWhfvpLTbsODgr10FgUx_y92RMjPYIclE-U7A3LMHLggkGuV8tGtXxSiLqjkBoW32xuWQvGGdiQpcoPLtd9wk2-_U6O4yM\" alt=\"\" width=\"587\" height=\"408\" \/><\/figure>\n\n\n\n<p>Abbiamo poi rivolto due domande alle psicologhe:<\/p>\n\n\n\n<p><strong>Quali consigli dareste a noi studenti per vivere in modo tranquillo nell&#8217;ambiente scolastico?<\/strong><\/p>\n\n\n\n<p>\u00c8 utile trovare anche a scuola un adulto di riferimento che potrebbe essere un professore, un collaboratore scolastico, la figura dello psicologo scolastico e cercare di confidarsi se si stanno vivendo delle situazioni problematiche, cercare di superare la paura di comunicare con gli adulti acquistando pi\u00f9 sicurezza come singolo individuo, ma anche come gruppo e infine sarebbe una bella idea aumentare gli interventi degli esperti nelle scuole.<\/p>\n\n\n\n<p><strong>Perch\u00e9 ultimamente molti pi\u00fa giovani cercano la figura dello psicologo?&nbsp;<\/strong><\/p>\n\n\n\n<p>Probabilmente perch\u00e9 a volte i genitori non riescono a comprendere le preoccupazioni dei figli, o perch\u00e9 loro si sentono a disagio a parlarne con loro e preferiscono farlo davanti ad una persona che non conoscono e che, di conseguenza, non sa niente di loro.<\/p>\n\n\n\n<figure class=\"wp-block-image is-resized\"><img loading=\"lazy\" decoding=\"async\" src=\"https:\/\/lh4.googleusercontent.com\/DLPwytMMb6KuWH3W656lZgd3PILPSimSuNVpRehp2Y_nRC-YJ8wv8syec-zJ9X8n0uj1QL5skvDJHqkYNU_66VHQnqWGSgh0s-fcH59gBGx_BWX441WEeF6AmEODWFJH0E_1CoApjxCvLSv_4a4T5PU\" alt=\"\" width=\"590\" height=\"443\" \/><\/figure>\n\n\n\n<p>Ma approfondiamo bene questo tema\u2026<\/p>\n\n\n\n<p>La ricerca di una figura con la quale parlare liberamente senza paura del giudizio&nbsp; \u00e8 aumentata notevolmente tra i giovani nell\u2019ultimo periodo, in particolare con l\u2019arrivo del COVID-19. A volte noi adolescenti ci sentiamo inadeguati, pieni di dubbi, di domande, e non sappiamo ancora chi siamo veramente.<\/p>\n\n\n\n<p>Molte volte sono i ragazzi a chiedere un aiuto psicologico, che pu\u00f2 partire dallo sportello di ascolto scolastico e, volendo, continuare anche in privato. Pu\u00f2 capitare per\u00f2 che i genitori si mostrino riluttanti a quest\u2019idea, poich\u00e9 ai loro tempi spesso non erano presenti questi tipi di aiuti, e purtroppo a volte si trovavano costretti a risolvere il tutto da soli.<\/p>\n\n\n\n<p>Secondo L&#8217;ISTAT, la percentuale di giovani con una bassa salute mentale \u00e8 raddoppiata da dopo il COVID-19; circa 220 mila ragazzi adolescenti sono insoddisfatti della propria vita. Nel 2019 i dati si aggiravano intorno al 3,2%, mentre nel 2021 \u00e8 arrivata al 6,2%<\/p>\n\n\n\n<p><img loading=\"lazy\" decoding=\"async\" width=\"456\" height=\"236\" src=\"https:\/\/lh3.googleusercontent.com\/JEC3GHvzJsTjQ5jRwnFNs2rgy_ubvE-srT_zyahuz_lCqObm_8soboCqYgTnvDAm1lxV_kcvCuSHng4keng8oQsQDukNfFvOsxOQFDJi6mtjq_oJPz1ZO-jz54PXiI37fFqQzZANGqoijTujxoCaIMc\"><\/p>\n\n\n\n<p>(Fonte: ISTAT Un dato confortante mostra che nel 2021 le condizioni psicologiche dei ragazzi sono migliorate; il punteggio delle ragazze \u00e8 sceso a 66,6 su 100, mentre quello dei ragazzi \u00e8 al 74,1 su 100.)<\/p>\n\n\n\n<p>&nbsp;&nbsp;&nbsp;&nbsp;&nbsp;&nbsp;&nbsp;&nbsp;&nbsp;&nbsp;&nbsp;&nbsp;&nbsp;&nbsp;&nbsp;&nbsp;&nbsp;&nbsp;&nbsp;&nbsp;&nbsp;&nbsp;&nbsp;&nbsp;&nbsp;&nbsp;&nbsp;&nbsp;&nbsp;&nbsp;Giorgia De Santis, Christian Puntillo<\/p>\n","protected":false},"excerpt":{"rendered":"<p>Durante la settimana dei recuperi si sono susseguite diverse conferenze per approfondire vari temi come la difesa del pianeta, la<\/p>\n","protected":false},"author":21,"featured_media":823,"comment_status":"open","ping_status":"open","sticky":false,"template":"","format":"standard","meta":{"colormag_page_container_layout":"default_layout","colormag_page_sidebar_layout":"default_layout","footnotes":""},"categories":[20],"tags":[],"class_list":["post-820","post","type-post","status-publish","format-standard","has-post-thumbnail","hentry","category-gb-sociale"],"_links":{"self":[{"href":"https:\/\/www.liceo-melzocassano.edu.it\/magazine\/index.php\/wp-json\/wp\/v2\/posts\/820","targetHints":{"allow":["GET"]}}],"collection":[{"href":"https:\/\/www.liceo-melzocassano.edu.it\/magazine\/index.php\/wp-json\/wp\/v2\/posts"}],"about":[{"href":"https:\/\/www.liceo-melzocassano.edu.it\/magazine\/index.php\/wp-json\/wp\/v2\/types\/post"}],"author":[{"embeddable":true,"href":"https:\/\/www.liceo-melzocassano.edu.it\/magazine\/index.php\/wp-json\/wp\/v2\/users\/21"}],"replies":[{"embeddable":true,"href":"https:\/\/www.liceo-melzocassano.edu.it\/magazine\/index.php\/wp-json\/wp\/v2\/comments?post=820"}],"version-history":[{"count":2,"href":"https:\/\/www.liceo-melzocassano.edu.it\/magazine\/index.php\/wp-json\/wp\/v2\/posts\/820\/revisions"}],"predecessor-version":[{"id":824,"href":"https:\/\/www.liceo-melzocassano.edu.it\/magazine\/index.php\/wp-json\/wp\/v2\/posts\/820\/revisions\/824"}],"wp:featuredmedia":[{"embeddable":true,"href":"https:\/\/www.liceo-melzocassano.edu.it\/magazine\/index.php\/wp-json\/wp\/v2\/media\/823"}],"wp:attachment":[{"href":"https:\/\/www.liceo-melzocassano.edu.it\/magazine\/index.php\/wp-json\/wp\/v2\/media?parent=820"}],"wp:term":[{"taxonomy":"category","embeddable":true,"href":"https:\/\/www.liceo-melzocassano.edu.it\/magazine\/index.php\/wp-json\/wp\/v2\/categories?post=820"},{"taxonomy":"post_tag","embeddable":true,"href":"https:\/\/www.liceo-melzocassano.edu.it\/magazine\/index.php\/wp-json\/wp\/v2\/tags?post=820"}],"curies":[{"name":"wp","href":"https:\/\/api.w.org\/{rel}","templated":true}]}}