{"id":938,"date":"2024-03-25T13:55:25","date_gmt":"2024-03-25T13:55:25","guid":{"rendered":"https:\/\/www.liceo-melzocassano.edu.it\/magazine\/?p=938"},"modified":"2024-03-25T13:55:26","modified_gmt":"2024-03-25T13:55:26","slug":"el-rol-de-la-mujer-en-lascivilizaciones-sudamericanas","status":"publish","type":"post","link":"https:\/\/www.liceo-melzocassano.edu.it\/magazine\/index.php\/2024\/03\/25\/el-rol-de-la-mujer-en-lascivilizaciones-sudamericanas\/","title":{"rendered":"EL ROL DE LA MUJER EN LASCIVILIZACIONES SUDAMERICANAS"},"content":{"rendered":"\n<figure class=\"wp-block-image size-full\"><img loading=\"lazy\" decoding=\"async\" width=\"282\" height=\"385\" src=\"https:\/\/www.liceo-melzocassano.edu.it\/magazine\/wp-content\/uploads\/2024\/03\/image.png\" alt=\"\" class=\"wp-image-939\" srcset=\"https:\/\/www.liceo-melzocassano.edu.it\/magazine\/wp-content\/uploads\/2024\/03\/image.png 282w, https:\/\/www.liceo-melzocassano.edu.it\/magazine\/wp-content\/uploads\/2024\/03\/image-220x300.png 220w\" sizes=\"auto, (max-width: 282px) 100vw, 282px\" \/><\/figure>\n\n\n\n<p>Los pa\u00edses que componen Am\u00e9rica del Sur son enormemente diferentes entre s\u00ed en t\u00e9rminos de cultura,<br>tradiciones espec\u00edficas, inflexiones ling\u00fc\u00edsticas (o lengua) y situaci\u00f3n pol\u00edtica.<br>A pesar de esto, sin embargo, se pueden encontrar algunos elementos comunes.<br>Uno de ellos es el compromiso con el que las mujeres sudamericanas luchan para que se les reconozcan<br>sus derechos.<br>El flagelo de la violencia contra las mujeres est\u00e1 generalizado en todo el territorio examinado. Adem\u00e1s<br>de la violencia ejercida sobre el cuerpo femenino, otro problema que las mujeres encuentran en una<br>sociedad como la sudamericana es el racismo.<br>De hecho, no es casualidad que sean precisamente las mujeres miembros de las comunidades ind\u00edgenas<br>las que con mayor frecuencia sean las v\u00edctimas, tanto por parte de los blancos o mestizos como de los<br>propios ind\u00edgenas.<br>En una sociedad en la que tener rasgos som\u00e1ticos ind\u00edgenas representa a menudo un problema de<br>acceso a las estructuras y al mundo del trabajo, ser una mujer con rasgos distintos a los &#8220;blancos&#8221;<br>significa no s\u00f3lo tener poca o ninguna posibilidad de ascenso social, sino tambi\u00e9n corre el riesgo de ser<br>v\u00edctima de una violencia brutal e injustificada.<br>De hecho, las mujeres sudamericanas pueden presumir de una larga historia de lucha por sus derechos y<br>los de quienes las rodean.<br>Se comprometen a partir de la participaci\u00f3n activa en los movimientos de liberaci\u00f3n, en las marchas<br>contra el fen\u00f3meno de las desapariciones forzadas y en la protecci\u00f3n de los derechos de los seres<br>humanos, las culturas y los territorios.<br>Sin embargo, no es raro que activistas de derechos humanos o medioambientales paguen con su vida su<br>compromiso.<br>Los informes sobre personas asesinadas por su trabajo en el sector social se han sucedido durante a\u00f1os<br>en todo el subcontinente.<br>Las mujeres socialmente comprometidas o l\u00edderes de comunidades ind\u00edgenas suelen ser objeto de una<br>violencia diferente a la reservada a los activistas masculinos: mientras que estos \u00faltimos son objeto de<br>desapariciones forzadas, las l\u00edderes femeninas son con mayor frecuencia v\u00edctimas de violaciones,<br>torturas y amenazas sexuales; adem\u00e1s, el objetivo no es s\u00f3lo castigarlos, sino tambi\u00e9n dar una<br>advertencia a toda la comunidad.<br>Desafortunadamente, este fen\u00f3meno contin\u00faa hoy, a pesar de los grandes avances que estas naciones<br>est\u00e1n dando hacia la estabilidad econ\u00f3mica, pol\u00edtica y social.<\/p>\n\n\n\n<p>Se espera que en el futuro la situaci\u00f3n mejore a\u00fan m\u00e1s.<\/p>\n\n\n\n<figure class=\"wp-block-image size-full\"><img loading=\"lazy\" decoding=\"async\" width=\"357\" height=\"238\" src=\"https:\/\/www.liceo-melzocassano.edu.it\/magazine\/wp-content\/uploads\/2024\/03\/image-1.png\" alt=\"\" class=\"wp-image-940\" srcset=\"https:\/\/www.liceo-melzocassano.edu.it\/magazine\/wp-content\/uploads\/2024\/03\/image-1.png 357w, https:\/\/www.liceo-melzocassano.edu.it\/magazine\/wp-content\/uploads\/2024\/03\/image-1-300x200.png 300w\" sizes=\"auto, (max-width: 357px) 100vw, 357px\" \/><\/figure>\n","protected":false},"excerpt":{"rendered":"<p>Los pa\u00edses que componen Am\u00e9rica del Sur son enormemente diferentes entre s\u00ed en t\u00e9rminos de cultura,tradiciones espec\u00edficas, inflexiones ling\u00fc\u00edsticas (o<\/p>\n","protected":false},"author":35,"featured_media":0,"comment_status":"open","ping_status":"open","sticky":false,"template":"","format":"standard","meta":{"colormag_page_container_layout":"default_layout","colormag_page_sidebar_layout":"default_layout","footnotes":""},"categories":[14],"tags":[],"class_list":["post-938","post","type-post","status-publish","format-standard","hentry","category-gb-emozioni"],"_links":{"self":[{"href":"https:\/\/www.liceo-melzocassano.edu.it\/magazine\/index.php\/wp-json\/wp\/v2\/posts\/938","targetHints":{"allow":["GET"]}}],"collection":[{"href":"https:\/\/www.liceo-melzocassano.edu.it\/magazine\/index.php\/wp-json\/wp\/v2\/posts"}],"about":[{"href":"https:\/\/www.liceo-melzocassano.edu.it\/magazine\/index.php\/wp-json\/wp\/v2\/types\/post"}],"author":[{"embeddable":true,"href":"https:\/\/www.liceo-melzocassano.edu.it\/magazine\/index.php\/wp-json\/wp\/v2\/users\/35"}],"replies":[{"embeddable":true,"href":"https:\/\/www.liceo-melzocassano.edu.it\/magazine\/index.php\/wp-json\/wp\/v2\/comments?post=938"}],"version-history":[{"count":1,"href":"https:\/\/www.liceo-melzocassano.edu.it\/magazine\/index.php\/wp-json\/wp\/v2\/posts\/938\/revisions"}],"predecessor-version":[{"id":945,"href":"https:\/\/www.liceo-melzocassano.edu.it\/magazine\/index.php\/wp-json\/wp\/v2\/posts\/938\/revisions\/945"}],"wp:attachment":[{"href":"https:\/\/www.liceo-melzocassano.edu.it\/magazine\/index.php\/wp-json\/wp\/v2\/media?parent=938"}],"wp:term":[{"taxonomy":"category","embeddable":true,"href":"https:\/\/www.liceo-melzocassano.edu.it\/magazine\/index.php\/wp-json\/wp\/v2\/categories?post=938"},{"taxonomy":"post_tag","embeddable":true,"href":"https:\/\/www.liceo-melzocassano.edu.it\/magazine\/index.php\/wp-json\/wp\/v2\/tags?post=938"}],"curies":[{"name":"wp","href":"https:\/\/api.w.org\/{rel}","templated":true}]}}